{"id":1893,"date":"2024-05-17T22:54:13","date_gmt":"2024-05-17T19:54:13","guid":{"rendered":"https:\/\/oznecocuk.com\/?p=1893"},"modified":"2024-05-17T22:59:03","modified_gmt":"2024-05-17T19:59:03","slug":"the-trainings-for-activity-4-2-training-for-mobile-units-and-activity-4-3-needs-assessment-for-psycho-social-support-needs-of-vulnerable-children-took-place-in-ankara-on-may-7-8-2024-wit","status":"publish","type":"post","link":"https:\/\/oznecocuk.com\/en\/the-trainings-for-activity-4-2-training-for-mobile-units-and-activity-4-3-needs-assessment-for-psycho-social-support-needs-of-vulnerable-children-took-place-in-ankara-on-may-7-8-2024-wit\/","title":{"rendered":"The trainings for Activity 4.2, &#8220;Training for Mobile Units,&#8221; and Activity 4.3, &#8220;Needs assessment for psycho-social support needs of vulnerable children,&#8221; took place in Ankara on May 7-8, 2024, with 50 participants in attendance."},"content":{"rendered":"<section class=\"wpb-content-wrapper\"><div id=\"wpc_69f5b56eac5c4\" class=\"vc_row wpb_row vc_row-fluid\">\n\t\t<div class=\"row_inner_wrapper  clearfix\">\n\t\t\t<div class=\"row_inner row_center_content clearfix\"><div class=\"wpb_column vc_column_container vc_col-sm-12\"><div class=\"vc_column-inner\"><div class=\"wpb_wrapper\">\n\t<div class=\"wpb_text_column wpb_content_element\" >\n\t\t<div class=\"wpb_wrapper\">\n\t\t\t<p>\u0130brahim K\u00fcr\u015fat Erg\u00fct, Head of the Orphan and Daytime Services Department at the Ministry of Family and Social Services, delivered the opening speech. He introduced the \u00d6zne \u00c7ocuk project and explained the purpose and scope of Activity 4.2.<br \/>\nDuring the two-day training, the \u00d6zne \u00c7ocuk Project&#8217;s Key Expert, Prof. Dr. Tar\u0131k Tuncay, along with Assoc. Prof. Dr. Melike Tekindal, Assoc. Prof. Dr. Nurullah \u00c7al\u0131\u015f, and Asl\u0131 Saban, gave presentations and gathered feedback.<br \/>\nActivity 4.3 &#8220;Needs assessment for psycho-social support needs of vulnerable children,&#8221; training was led by Assoc. Prof. Dr. Burak A\u00e7\u0131kel and Asl\u0131 Saban. They discussed the aims and scope of Activity 4.3 and presented relevant information.<\/p>\n\n\t\t<\/div>\n\t<\/div>\n<\/div><\/div><\/div>\n\t\t\t<\/div>\n\t\t<\/div>\n<\/div>\n<div id=\"wpc_69f5b56eac928\" class=\"vc_row wpb_row vc_row-fluid\">\n\t\t<div class=\"row_inner_wrapper  clearfix\">\n\t\t\t<div class=\"row_inner row_center_content clearfix\"><div class=\"wpb_column vc_column_container vc_col-sm-12\"><div class=\"vc_column-inner\"><div class=\"wpb_wrapper\">\n<div class=\"vc_grid-container-wrapper vc_clearfix vc_grid-animation-fadeIn\">\n\t<div class=\"vc_grid-container vc_clearfix wpb_content_element vc_media_grid\" data-initial-loading-animation=\"fadeIn\" data-vc-grid-settings=\"{&quot;page_id&quot;:1893,&quot;style&quot;:&quot;all&quot;,&quot;action&quot;:&quot;vc_get_vc_grid_data&quot;,&quot;shortcode_id&quot;:&quot;1715975600078-2083d9e8-8ffa-3&quot;,&quot;tag&quot;:&quot;vc_media_grid&quot;}\" data-vc-request=\"https:\/\/oznecocuk.com\/wp-admin\/admin-ajax.php\" data-vc-post-id=\"1893\" data-vc-public-nonce=\"1236cb7743\">\n\t\t\n\t<\/div>\n<\/div><\/div><\/div><\/div>\n\t\t\t<\/div>\n\t\t<\/div>\n<\/div>\n<\/section>","protected":false},"excerpt":{"rendered":"\u0130brahim K\u00fcr\u015fat Erg\u00fct, Head of the Orphan and Daytime Services Department at the Ministry of Family and Social Services, delivered the ...","protected":false},"author":1,"featured_media":1857,"comment_status":"closed","ping_status":"closed","sticky":false,"template":"","format":"standard","meta":{"footnotes":""},"categories":[45],"tags":[],"class_list":["post-1893","post","type-post","status-publish","format-standard","has-post-thumbnail","hentry","category-news"],"_links":{"self":[{"href":"https:\/\/oznecocuk.com\/en\/wp-json\/wp\/v2\/posts\/1893","targetHints":{"allow":["GET"]}}],"collection":[{"href":"https:\/\/oznecocuk.com\/en\/wp-json\/wp\/v2\/posts"}],"about":[{"href":"https:\/\/oznecocuk.com\/en\/wp-json\/wp\/v2\/types\/post"}],"author":[{"embeddable":true,"href":"https:\/\/oznecocuk.com\/en\/wp-json\/wp\/v2\/users\/1"}],"replies":[{"embeddable":true,"href":"https:\/\/oznecocuk.com\/en\/wp-json\/wp\/v2\/comments?post=1893"}],"version-history":[{"count":1,"href":"https:\/\/oznecocuk.com\/en\/wp-json\/wp\/v2\/posts\/1893\/revisions"}],"predecessor-version":[{"id":1894,"href":"https:\/\/oznecocuk.com\/en\/wp-json\/wp\/v2\/posts\/1893\/revisions\/1894"}],"wp:featuredmedia":[{"embeddable":true,"href":"https:\/\/oznecocuk.com\/en\/wp-json\/wp\/v2\/media\/1857"}],"wp:attachment":[{"href":"https:\/\/oznecocuk.com\/en\/wp-json\/wp\/v2\/media?parent=1893"}],"wp:term":[{"taxonomy":"category","embeddable":true,"href":"https:\/\/oznecocuk.com\/en\/wp-json\/wp\/v2\/categories?post=1893"},{"taxonomy":"post_tag","embeddable":true,"href":"https:\/\/oznecocuk.com\/en\/wp-json\/wp\/v2\/tags?post=1893"}],"curies":[{"name":"wp","href":"https:\/\/api.w.org\/{rel}","templated":true}]}}