{"id":1878,"date":"2024-05-17T22:48:32","date_gmt":"2024-05-17T19:48:32","guid":{"rendered":"https:\/\/oznecocuk.com\/?p=1878"},"modified":"2024-05-17T22:59:09","modified_gmt":"2024-05-17T19:59:09","slug":"cocuk-koruma-ve-bakim-hizmet-standartlari-egitimleri-ankara-ve-diyarbakir-illerinde-basladi","status":"publish","type":"post","link":"https:\/\/oznecocuk.com\/en\/cocuk-koruma-ve-bakim-hizmet-standartlari-egitimleri-ankara-ve-diyarbakir-illerinde-basladi\/","title":{"rendered":"\u00c7ocuk Koruma ve Bak\u0131m Hizmet Standartlar\u0131 E\u011fitimleri\u2019 Ankara ve Diyarbak\u0131r illerinde ba\u015flad\u0131."},"content":{"rendered":"<section class=\"wpb-content-wrapper\"><div id=\"wpc_69f2caaa1ee55\" class=\"vc_row wpb_row vc_row-fluid\">\n\t\t<div class=\"row_inner_wrapper  clearfix\">\n\t\t\t<div class=\"row_inner row_center_content clearfix\"><div class=\"wpb_column vc_column_container vc_col-sm-12\"><div class=\"vc_column-inner\"><div class=\"wpb_wrapper\">\n\t<div class=\"wpb_text_column wpb_content_element\" >\n\t\t<div class=\"wpb_wrapper\">\n\t\t\t<p>Ana faydalan\u0131c\u0131s\u0131 Aile ve Sosyal Hizmetler Bakanl\u0131\u011f\u0131 ve ortak faydalan\u0131c\u0131s\u0131 \u00c7al\u0131\u015fma ve Sosyal G\u00fcvenlik Bakanl\u0131\u011f\u0131 olan &#8220;T\u00fcrkiye&#8217;de \u00c7ocuk Haklar\u0131n\u0131n Desteklenmesi i\u00e7in Teknik Yard\u0131m&#8221; \u00d6zne \u00c7ocuk Projesi kapsam\u0131nda \u00e7ocuk koruma ve bak\u0131m hizmetleri sunan kurumlar\u0131n kapasitesinin geli\u015ftirilmesini ama\u00e7layan \u2018\u00c7ocuk Koruma ve Bak\u0131m Hizmet Standartlar\u0131 E\u011fitimleri\u2019 Ankara ve Diyarbak\u0131r illerinde ba\u015flad\u0131.<\/p>\n<p>\u00d6zne \u00c7ocuk Projesinin \u00c7ocuk Bak\u0131m Hizmetleri ba\u015fl\u0131kl\u0131 2. Bile\u015feni kapsam\u0131nda ger\u00e7ekle\u015ftirilecek olan bu faaliyet, \u00e7ocuk koruma ve bak\u0131m hizmetleri sunan hizmet birimleri i\u00e7in kapasite geli\u015ftirmeyi ama\u00e7lamaktad\u0131r. Bu hedef do\u011frultusunda kapsaml\u0131 bir E\u011fitim \u0130htiya\u00e7 Analizi (E\u0130A) yap\u0131lm\u0131\u015ft\u0131r. Analiz sonucunda \u00fc\u00e7 yetkinlik seviyesinde (d\u00fczey 1-temel yetkinlikler, d\u00fczey 2-uzmanla\u015fma yetkinlikleri ve d\u00fczey 3-destekleyici beceriler) ve toplam 30 mod\u00fcl i\u00e7erikli bir \u00c7ocuk Koruma ve Refah\u0131 Mesleki Yetkinlik hizmet\u2013i\u00e7i e\u011fitim program\u0131 olu\u015fturulmu\u015ftur.<\/p>\n<p>Program, y\u00fcz y\u00fcze ve \u00e7evrim i\u00e7i y\u00f6ntemlere dayal\u0131 hibrit modelde haz\u0131rlanm\u0131\u015ft\u0131r. Aile ve Sosyal Hizmetler Bakanl\u0131\u011f\u0131 meslek elemanlar\u0131na verilecek y\u00fcz y\u00fcze ve \u00e7evrimi\u00e7i e\u011fitimler i\u00e7in 25 meslek eleman\u0131n\u0131n yararland\u0131\u011f\u0131 bir E\u011fitici E\u011fitimi ve ard\u0131ndan 10 ilde y\u00fcr\u00fct\u00fclecek olan bir yayg\u0131nla\u015ft\u0131rma e\u011fitimini i\u00e7ermektedir. \u015eubat ve Mart 2024\u2019te ger\u00e7ekle\u015ftirilmi\u015f olan \u00c7ocuk Koruma ve Refah\u0131 Mesleki Yetkinlik E\u011fitici E\u011fitiminin ard\u0131ndan \u2018\u00c7ocuk Koruma ve Bak\u0131m Hizmet Standartlar\u0131 E\u011fitimleri\u2019 konulu y\u00fcz y\u00fcze ve \u00e7evrimi\u00e7i olarak d\u00fczenlenen yayg\u0131nla\u015ft\u0131rma e\u011fitimleri, Ankara, Diyarbak\u0131r, Antalya, Adana, \u0130zmir, Samsun, Kocaeli, \u0130stanbul, Erzurum ve Konya olmak \u00fczere 10 ilde, May\u0131s \u2013 Haziran 2024 aylar\u0131 s\u00fcresince verilecektir.<\/p>\n\n\t\t<\/div>\n\t<\/div>\n<\/div><\/div><\/div>\n\t\t\t<\/div>\n\t\t<\/div>\n<\/div>\n<div id=\"wpc_69f2caaa1f1b4\" class=\"vc_row wpb_row vc_row-fluid\">\n\t\t<div class=\"row_inner_wrapper  clearfix\">\n\t\t\t<div class=\"row_inner row_center_content clearfix\"><div class=\"wpb_column vc_column_container vc_col-sm-12\"><div class=\"vc_column-inner\"><div class=\"wpb_wrapper\">\n<div class=\"vc_grid-container-wrapper vc_clearfix vc_grid-animation-fadeIn\">\n\t<div class=\"vc_grid-container vc_clearfix wpb_content_element vc_media_grid\" data-initial-loading-animation=\"fadeIn\" data-vc-grid-settings=\"{&quot;page_id&quot;:1878,&quot;style&quot;:&quot;all&quot;,&quot;action&quot;:&quot;vc_get_vc_grid_data&quot;,&quot;shortcode_id&quot;:&quot;1715974872539-5f4fa914-bbfb-4&quot;,&quot;tag&quot;:&quot;vc_media_grid&quot;}\" data-vc-request=\"https:\/\/oznecocuk.com\/wp-admin\/admin-ajax.php\" data-vc-post-id=\"1878\" data-vc-public-nonce=\"b8ffa1903f\">\n\t\t\n\t<\/div>\n<\/div><\/div><\/div><\/div>\n\t\t\t<\/div>\n\t\t<\/div>\n<\/div>\n<\/section>","protected":false},"excerpt":{"rendered":"Ana faydalan\u0131c\u0131s\u0131 Aile ve Sosyal Hizmetler Bakanl\u0131\u011f\u0131 ve ortak faydalan\u0131c\u0131s\u0131 \u00c7al\u0131\u015fma ve Sosyal G\u00fcvenlik Bakanl\u0131\u011f\u0131 olan \"T\u00fcrkiye'de \u00c7ocuk Haklar\u0131n\u0131n Desteklenmesi i\u00e7in ...","protected":false},"author":1,"featured_media":1879,"comment_status":"closed","ping_status":"closed","sticky":false,"template":"","format":"standard","meta":{"footnotes":""},"categories":[27],"tags":[],"class_list":["post-1878","post","type-post","status-publish","format-standard","has-post-thumbnail","hentry","category-haberler"],"_links":{"self":[{"href":"https:\/\/oznecocuk.com\/en\/wp-json\/wp\/v2\/posts\/1878","targetHints":{"allow":["GET"]}}],"collection":[{"href":"https:\/\/oznecocuk.com\/en\/wp-json\/wp\/v2\/posts"}],"about":[{"href":"https:\/\/oznecocuk.com\/en\/wp-json\/wp\/v2\/types\/post"}],"author":[{"embeddable":true,"href":"https:\/\/oznecocuk.com\/en\/wp-json\/wp\/v2\/users\/1"}],"replies":[{"embeddable":true,"href":"https:\/\/oznecocuk.com\/en\/wp-json\/wp\/v2\/comments?post=1878"}],"version-history":[{"count":2,"href":"https:\/\/oznecocuk.com\/en\/wp-json\/wp\/v2\/posts\/1878\/revisions"}],"predecessor-version":[{"id":1889,"href":"https:\/\/oznecocuk.com\/en\/wp-json\/wp\/v2\/posts\/1878\/revisions\/1889"}],"wp:featuredmedia":[{"embeddable":true,"href":"https:\/\/oznecocuk.com\/en\/wp-json\/wp\/v2\/media\/1879"}],"wp:attachment":[{"href":"https:\/\/oznecocuk.com\/en\/wp-json\/wp\/v2\/media?parent=1878"}],"wp:term":[{"taxonomy":"category","embeddable":true,"href":"https:\/\/oznecocuk.com\/en\/wp-json\/wp\/v2\/categories?post=1878"},{"taxonomy":"post_tag","embeddable":true,"href":"https:\/\/oznecocuk.com\/en\/wp-json\/wp\/v2\/tags?post=1878"}],"curies":[{"name":"wp","href":"https:\/\/api.w.org\/{rel}","templated":true}]}}