{"id":1864,"date":"2024-05-17T22:34:16","date_gmt":"2024-05-17T19:34:16","guid":{"rendered":"https:\/\/oznecocuk.com\/?p=1864"},"modified":"2024-05-17T22:59:21","modified_gmt":"2024-05-17T19:59:21","slug":"faaliyet-3-3-cocuk-isciliginin-izlenmesi-konusunda-bir-ulusal-calisma-grubunun-olusturulmasi-ve-istisare-toplantilarinin-duzenlenmesi-kapsaminda-ilk-istisare-toplantisi-ankarada-gerceklesti","status":"publish","type":"post","link":"https:\/\/oznecocuk.com\/en\/faaliyet-3-3-cocuk-isciliginin-izlenmesi-konusunda-bir-ulusal-calisma-grubunun-olusturulmasi-ve-istisare-toplantilarinin-duzenlenmesi-kapsaminda-ilk-istisare-toplantisi-ankarada-gerceklesti\/","title":{"rendered":"Faaliyet 3.3 \u00c7ocuk \u0130\u015f\u00e7ili\u011finin \u0130zlenmesi Konusunda Bir Ulusal \u00c7al\u0131\u015fma Grubunun Olu\u015fturulmas\u0131 ve \u0130sti\u015fare Toplant\u0131lar\u0131n\u0131n D\u00fczenlenmesi kapsam\u0131nda \u0130lk \u0130sti\u015fare Toplant\u0131s\u0131 Ankara\u2019da Ger\u00e7ekle\u015fti."},"content":{"rendered":"<section class=\"wpb-content-wrapper\"><div id=\"wpc_69f30afd59393\" class=\"vc_row wpb_row vc_row-fluid\">\n\t\t<div class=\"row_inner_wrapper  clearfix\">\n\t\t\t<div class=\"row_inner row_center_content clearfix\"><div class=\"wpb_column vc_column_container vc_col-sm-12\"><div class=\"vc_column-inner\"><div class=\"wpb_wrapper\">\n\t<div class=\"wpb_text_column wpb_content_element\" >\n\t\t<div class=\"wpb_wrapper\">\n\t\t\t<p>Faaliyet 3.3. \u00c7ocuk \u0130\u015f\u00e7ili\u011finin \u0130zlenmesi Konusunda Bir Ulusal \u00c7al\u0131\u015fma Grubunun Olu\u015fturulmas\u0131 ve \u0130sti\u015fare Toplant\u0131lar\u0131n\u0131n D\u00fczenlenmesi kapsam\u0131nda ilk isti\u015fare toplant\u0131s\u0131 Ankara\u2019da 31 ki\u015finin kat\u0131l\u0131m\u0131yla ger\u00e7ekle\u015fti. <\/p>\n<p>Farkl\u0131 kurumlardan bir\u00e7ok ki\u015finin kat\u0131ld\u0131\u011f\u0131 toplant\u0131n\u0131n a\u00e7\u0131l\u0131\u015f konu\u015fmalar\u0131n\u0131 \u00c7al\u0131\u015fma Genel M\u00fcd\u00fcrl\u00fc\u011f\u00fc \u0130stihdam Politikalar\u0131 Daire Ba\u015fkan\u0131 Emin T\u00fcrker ile \u00d6zne \u00c7ocuk Projesi Tak\u0131m Lideri Robert Kroiss ger\u00e7ekle\u015ftirdi. <\/p>\n<p>Proje uzmanlar\u0131 olarak Do\u00e7. Dr. Mete Kaan Namal, Do\u00e7. Dr. Harun Aslan ve Berk Uslu, kat\u0131l\u0131mc\u0131lar\u0131n g\u00f6r\u00fc\u015flerini almak \u00fczere sorular sorarak ve \u00f6neriler \u00fczerinde tart\u0131\u015fmalar y\u00fcr\u00fctt\u00fc.<\/p>\n<p>Toplant\u0131n\u0131n ilk yar\u0131s\u0131nda  \u00e7ocuk i\u015f\u00e7ili\u011finin tan\u0131m\u0131 ve de\u011ferlendirilmesi ile m\u00fcdahale s\u00fcrecinde y\u00f6nlendirme mekanizmalar\u0131 konular\u0131 \u00fczerine yo\u011funla\u015f\u0131ld\u0131. Toplant\u0131n\u0131n ikinci yar\u0131s\u0131nda ise \u00e7ocuklar\u0131n korunmas\u0131 ve \u00e7ocuk i\u015f\u00e7ili\u011finin \u00f6nlenmesi ile veri y\u00f6netimi ve analiz s\u00fcreci konular\u0131nda bilgi al\u0131\u015fveri\u015fi yap\u0131ld\u0131. <\/p>\n<p>Toplant\u0131, sonu\u00e7 ve \u00f6neriler \u00fczerinde s\u00fcrd\u00fcr\u00fclen tart\u0131\u015fmalar ile tamamland\u0131. Faaliyet kapsam\u0131nda toplam 5 isti\u015fare toplant\u0131s\u0131 ger\u00e7ekle\u015ftirilecek ve kat\u0131l\u0131mc\u0131lar farkl\u0131 ba\u015fl\u0131klarla ilgili g\u00f6r\u00fc\u015f al\u0131\u015fveri\u015finde bulunmak \u00fczere bir araya gelecek.<\/p>\n\n\t\t<\/div>\n\t<\/div>\n<\/div><\/div><\/div>\n\t\t\t<\/div>\n\t\t<\/div>\n<\/div>\n<div id=\"wpc_69f30afd59645\" class=\"vc_row wpb_row vc_row-fluid\">\n\t\t<div class=\"row_inner_wrapper  clearfix\">\n\t\t\t<div class=\"row_inner row_center_content clearfix\"><div class=\"wpb_column vc_column_container vc_col-sm-12\"><div class=\"vc_column-inner\"><div class=\"wpb_wrapper\">\n<div class=\"vc_grid-container-wrapper vc_clearfix vc_grid-animation-fadeIn\">\n\t<div class=\"vc_grid-container vc_clearfix wpb_content_element vc_media_grid\" data-initial-loading-animation=\"fadeIn\" data-vc-grid-settings=\"{&quot;page_id&quot;:1864,&quot;style&quot;:&quot;all&quot;,&quot;action&quot;:&quot;vc_get_vc_grid_data&quot;,&quot;shortcode_id&quot;:&quot;1715974259003-472844ce-a2d0-10&quot;,&quot;tag&quot;:&quot;vc_media_grid&quot;}\" data-vc-request=\"https:\/\/oznecocuk.com\/wp-admin\/admin-ajax.php\" data-vc-post-id=\"1864\" data-vc-public-nonce=\"b8ffa1903f\">\n\t\t\n\t<\/div>\n<\/div><\/div><\/div><\/div>\n\t\t\t<\/div>\n\t\t<\/div>\n<\/div>\n<\/section>","protected":false},"excerpt":{"rendered":"Faaliyet 3.3. \u00c7ocuk \u0130\u015f\u00e7ili\u011finin \u0130zlenmesi Konusunda Bir Ulusal \u00c7al\u0131\u015fma Grubunun Olu\u015fturulmas\u0131 ve \u0130sti\u015fare Toplant\u0131lar\u0131n\u0131n D\u00fczenlenmesi kapsam\u0131nda ilk isti\u015fare toplant\u0131s\u0131 Ankara\u2019da 31 ...","protected":false},"author":1,"featured_media":1865,"comment_status":"closed","ping_status":"closed","sticky":false,"template":"","format":"standard","meta":{"footnotes":""},"categories":[27],"tags":[],"class_list":["post-1864","post","type-post","status-publish","format-standard","has-post-thumbnail","hentry","category-haberler"],"_links":{"self":[{"href":"https:\/\/oznecocuk.com\/en\/wp-json\/wp\/v2\/posts\/1864","targetHints":{"allow":["GET"]}}],"collection":[{"href":"https:\/\/oznecocuk.com\/en\/wp-json\/wp\/v2\/posts"}],"about":[{"href":"https:\/\/oznecocuk.com\/en\/wp-json\/wp\/v2\/types\/post"}],"author":[{"embeddable":true,"href":"https:\/\/oznecocuk.com\/en\/wp-json\/wp\/v2\/users\/1"}],"replies":[{"embeddable":true,"href":"https:\/\/oznecocuk.com\/en\/wp-json\/wp\/v2\/comments?post=1864"}],"version-history":[{"count":2,"href":"https:\/\/oznecocuk.com\/en\/wp-json\/wp\/v2\/posts\/1864\/revisions"}],"predecessor-version":[{"id":1891,"href":"https:\/\/oznecocuk.com\/en\/wp-json\/wp\/v2\/posts\/1864\/revisions\/1891"}],"wp:featuredmedia":[{"embeddable":true,"href":"https:\/\/oznecocuk.com\/en\/wp-json\/wp\/v2\/media\/1865"}],"wp:attachment":[{"href":"https:\/\/oznecocuk.com\/en\/wp-json\/wp\/v2\/media?parent=1864"}],"wp:term":[{"taxonomy":"category","embeddable":true,"href":"https:\/\/oznecocuk.com\/en\/wp-json\/wp\/v2\/categories?post=1864"},{"taxonomy":"post_tag","embeddable":true,"href":"https:\/\/oznecocuk.com\/en\/wp-json\/wp\/v2\/tags?post=1864"}],"curies":[{"name":"wp","href":"https:\/\/api.w.org\/{rel}","templated":true}]}}