{"id":1856,"date":"2024-05-17T22:28:12","date_gmt":"2024-05-17T19:28:12","guid":{"rendered":"https:\/\/oznecocuk.com\/?p=1856"},"modified":"2024-05-17T22:59:26","modified_gmt":"2024-05-17T19:59:26","slug":"faaliyet-4-2-mobil-birimler-icin-egitim-duzenlenmesi-ve-faaliyet-4-3-hassas-kosullar-altindaki-cocuklarin-psikososyal-destek-ihtiyaclarina-yonelik-ihtiyac-degerlendirmesinin-yapilmasi-kapsamindaki-egi","status":"publish","type":"post","link":"https:\/\/oznecocuk.com\/en\/faaliyet-4-2-mobil-birimler-icin-egitim-duzenlenmesi-ve-faaliyet-4-3-hassas-kosullar-altindaki-cocuklarin-psikososyal-destek-ihtiyaclarina-yonelik-ihtiyac-degerlendirmesinin-yapilmasi-kapsamindaki-egi\/","title":{"rendered":"Faaliyet 4.2 Mobil Birimler i\u00e7in E\u011fitim D\u00fczenlenmesi ve Faaliyet 4.3 Hassas Ko\u015fullar Alt\u0131ndaki \u00c7ocuklar\u0131n Psikososyal Destek \u0130htiya\u00e7lar\u0131na Y\u00f6nelik \u0130htiya\u00e7 De\u011ferlendirmesinin Yap\u0131lmas\u0131 kapsam\u0131ndaki e\u011fitim Ankara\u2019da 7-8 May\u0131s 2024 tarihlerinde 50 ki\u015finin kat\u0131l\u0131m\u0131yla ger\u00e7ekle\u015fti."},"content":{"rendered":"<section class=\"wpb-content-wrapper\"><div id=\"wpc_69f30efb53b05\" class=\"vc_row wpb_row vc_row-fluid\">\n\t\t<div class=\"row_inner_wrapper  clearfix\">\n\t\t\t<div class=\"row_inner row_center_content clearfix\"><div class=\"wpb_column vc_column_container vc_col-sm-12\"><div class=\"vc_column-inner\"><div class=\"wpb_wrapper\">\n\t<div class=\"wpb_text_column wpb_content_element\" >\n\t\t<div class=\"wpb_wrapper\">\n\t\t\t<p>Faaliyet 4.2 Mobil Birimler i\u00e7in E\u011fitim D\u00fczenlenmesi e\u011fitiminde a\u00e7\u0131l\u0131\u015f konu\u015fmas\u0131n\u0131 Aile ve Sosyal Hizmetler Bakanl\u0131\u011f\u0131 \u00d6ks\u00fcz, Yetim ve G\u00fcnd\u00fcz Hizmetleri Daire Ba\u015fkan\u0131 \u0130brahim K\u00fcr\u015fat Erg\u00fct ger\u00e7ekle\u015ftirmi\u015f, \u00d6zne \u00c7ocuk projesini tan\u0131t\u0131p faaliyetin ama\u00e7 ve kapsam\u0131 hakk\u0131nda bilgi vermi\u015ftir.<br \/>\n\u0130ki g\u00fcn devam eden e\u011fitimde, \u00d6zne \u00c7ocuk Projesi Kilit Uzman\u0131 Prof.Dr. Tar\u0131k Tuncay, Do\u00e7. Dr. Melike Tekindal, Do\u00e7. Dr. Nurullah \u00c7al\u0131\u015f ve Asl\u0131 Saban sunumlar\u0131n\u0131n yan\u0131 s\u0131ra geri bildirimler hakk\u0131nda bilgi ald\u0131lar.<br \/>\nFaaliyet 4.3 Hassas Ko\u015fullar Alt\u0131ndaki \u00c7ocuklar\u0131n Psikososyal Destek \u0130htiya\u00e7lar\u0131na Y\u00f6nelik \u0130htiya\u00e7 De\u011ferlendirmesinin Yap\u0131lmas\u0131 E\u011fitimi; Do\u00e7. Dr. Burak A\u00e7\u0131kel ve Asl\u0131 Saban y\u00fcr\u00fct\u00fcc\u00fcl\u00fc\u011f\u00fcnde ger\u00e7ekle\u015fti. Uzmanlar, Faaliyet 4.3\u2019\u00fcn ama\u00e7 ve kapsam\u0131 hakk\u0131nda bilgi verdi ve sunumlar\u0131n\u0131 ger\u00e7ekle\u015ftirdi.<\/p>\n\n\t\t<\/div>\n\t<\/div>\n<\/div><\/div><\/div>\n\t\t\t<\/div>\n\t\t<\/div>\n<\/div>\n<div id=\"wpc_69f30efb53e8a\" class=\"vc_row wpb_row vc_row-fluid\">\n\t\t<div class=\"row_inner_wrapper  clearfix\">\n\t\t\t<div class=\"row_inner row_center_content clearfix\"><div class=\"wpb_column vc_column_container vc_col-sm-12\"><div class=\"vc_column-inner\"><div class=\"wpb_wrapper\">\n<div class=\"vc_grid-container-wrapper vc_clearfix vc_grid-animation-fadeIn\">\n\t<div class=\"vc_grid-container vc_clearfix wpb_content_element vc_media_grid\" data-initial-loading-animation=\"fadeIn\" data-vc-grid-settings=\"{&quot;page_id&quot;:1856,&quot;style&quot;:&quot;all&quot;,&quot;action&quot;:&quot;vc_get_vc_grid_data&quot;,&quot;shortcode_id&quot;:&quot;1715973848840-f24ca54d-9640-6&quot;,&quot;tag&quot;:&quot;vc_media_grid&quot;}\" data-vc-request=\"https:\/\/oznecocuk.com\/wp-admin\/admin-ajax.php\" data-vc-post-id=\"1856\" data-vc-public-nonce=\"b8ffa1903f\">\n\t\t\n\t<\/div>\n<\/div><\/div><\/div><\/div>\n\t\t\t<\/div>\n\t\t<\/div>\n<\/div>\n<\/section>","protected":false},"excerpt":{"rendered":"Faaliyet 4.2 Mobil Birimler i\u00e7in E\u011fitim D\u00fczenlenmesi e\u011fitiminde a\u00e7\u0131l\u0131\u015f konu\u015fmas\u0131n\u0131 Aile ve Sosyal Hizmetler Bakanl\u0131\u011f\u0131 \u00d6ks\u00fcz, Yetim ve G\u00fcnd\u00fcz Hizmetleri Daire ...","protected":false},"author":1,"featured_media":1857,"comment_status":"closed","ping_status":"closed","sticky":false,"template":"","format":"standard","meta":{"footnotes":""},"categories":[27],"tags":[],"class_list":["post-1856","post","type-post","status-publish","format-standard","has-post-thumbnail","hentry","category-haberler"],"_links":{"self":[{"href":"https:\/\/oznecocuk.com\/en\/wp-json\/wp\/v2\/posts\/1856","targetHints":{"allow":["GET"]}}],"collection":[{"href":"https:\/\/oznecocuk.com\/en\/wp-json\/wp\/v2\/posts"}],"about":[{"href":"https:\/\/oznecocuk.com\/en\/wp-json\/wp\/v2\/types\/post"}],"author":[{"embeddable":true,"href":"https:\/\/oznecocuk.com\/en\/wp-json\/wp\/v2\/users\/1"}],"replies":[{"embeddable":true,"href":"https:\/\/oznecocuk.com\/en\/wp-json\/wp\/v2\/comments?post=1856"}],"version-history":[{"count":3,"href":"https:\/\/oznecocuk.com\/en\/wp-json\/wp\/v2\/posts\/1856\/revisions"}],"predecessor-version":[{"id":1892,"href":"https:\/\/oznecocuk.com\/en\/wp-json\/wp\/v2\/posts\/1856\/revisions\/1892"}],"wp:featuredmedia":[{"embeddable":true,"href":"https:\/\/oznecocuk.com\/en\/wp-json\/wp\/v2\/media\/1857"}],"wp:attachment":[{"href":"https:\/\/oznecocuk.com\/en\/wp-json\/wp\/v2\/media?parent=1856"}],"wp:term":[{"taxonomy":"category","embeddable":true,"href":"https:\/\/oznecocuk.com\/en\/wp-json\/wp\/v2\/categories?post=1856"},{"taxonomy":"post_tag","embeddable":true,"href":"https:\/\/oznecocuk.com\/en\/wp-json\/wp\/v2\/tags?post=1856"}],"curies":[{"name":"wp","href":"https:\/\/api.w.org\/{rel}","templated":true}]}}