{"id":1723,"date":"2024-04-10T23:26:12","date_gmt":"2024-04-10T20:26:12","guid":{"rendered":"https:\/\/oznecocuk.com\/?p=1723"},"modified":"2024-04-10T23:30:23","modified_gmt":"2024-04-10T20:30:23","slug":"faaliyet-2-7-c%cc%a7ocuk-koruma-ve-bakim-hizmet-standartlari-hakkinda-eg%cc%86itici-eg%cc%86itiminin-ikincisi-ankarada-gerceklesti","status":"publish","type":"post","link":"https:\/\/oznecocuk.com\/en\/faaliyet-2-7-c%cc%a7ocuk-koruma-ve-bakim-hizmet-standartlari-hakkinda-eg%cc%86itici-eg%cc%86itiminin-ikincisi-ankarada-gerceklesti\/","title":{"rendered":"Faaliyet 2.7 C\u0327ocuk Koruma ve Bak\u0131m Hizmet Standartlar\u0131 Hakk\u0131nda Eg\u0306itici Eg\u0306itimi\u2019nin ikincisi Ankara\u2019da ger\u00e7ekle\u015fti."},"content":{"rendered":"<section class=\"wpb-content-wrapper\">\n<div id=\"wpc_69f2dfe19db1b\" class=\"vc_row wpb_row vc_row-fluid\">\n\t\t<div class=\"row_inner_wrapper  clearfix\">\n\t\t\t<div class=\"row_inner row_center_content clearfix\"><div class=\"wpb_column vc_column_container vc_col-sm-12\"><div class=\"vc_column-inner\"><div class=\"wpb_wrapper\">\n\t<div class=\"wpb_text_column wpb_content_element\" >\n\t\t<div class=\"wpb_wrapper\">\n\t\t\t<p>Faaliyet 2.7 \u00c7ocuk Koruma ve Bak\u0131m Hizmet Standartlar\u0131 Hakk\u0131nda E\u011fitici E\u011fitiminin ikincisi Ankara\u2019da ger\u00e7ekle\u015fti.<\/p>\n<p>Projemiz kapsam\u0131nda ger\u00e7ekle\u015fen ve \u00e7ocuk koruma ile bak\u0131m hizmeti sa\u011flayan kurum personelinin kapasitesini art\u0131rmay\u0131 ama\u00e7layan e\u011fitimin a\u00e7\u0131l\u0131\u015f konu\u015fmas\u0131n\u0131 \u00d6zne \u00c7ocuk Projesi Kilit Uzman\u0131 Tar\u0131k Tuncay ger\u00e7ekle\u015ftirdi. E\u011fitime Aile ve Sosyal Hizmetler Bakanl\u0131\u011f\u0131 personeli ile Ankara ve ta\u015fra te\u015fkilatlar\u0131ndaki ilgili personel kat\u0131l\u0131m sa\u011flad\u0131.<\/p>\n<p>Be\u015f g\u00fcn s\u00fcren e\u011fitimde Do\u00e7. Dr. Burak A\u00e7\u0131kel, Dr. \u00d6\u011fr. \u00dcyesi Ahmet \u00d6zaslan, Prof. Dr. M\u00fcdriye Y\u0131ld\u0131z B\u0131\u00e7ak\u00e7\u0131, Rabia Tuba Y\u0131ld\u0131z ve Do\u00e7. Dr. Ahmet Ege g\u00f6rev ald\u0131. Uzmanlar, sunumlar\u0131n\u0131n yan\u0131 s\u0131ra grup \u00e7al\u0131\u015fmalar\u0131 da d\u00fczenledi.<\/p>\n<p>E\u011fitimin ilk g\u00fcn\u00fcnde Do\u00e7. Dr. Burak A\u00e7\u0131kel \u00c7ocuk Ruh Sa\u011fl\u0131\u011f\u0131 ve Dr. \u00d6\u011fr. \u00dcyesi Ahmet \u00d6zaslan Ergen Ruh Sa\u011fl\u0131\u011f\u0131 ile Yeti\u015fkin Ruh Sa\u011fl\u0131\u011f\u0131 hakk\u0131nda kat\u0131l\u0131mc\u0131lara e\u011fitim verdi.<\/p>\n<p>\u0130kinci g\u00fcn, Do\u00e7. Dr. Burak A\u00e7\u0131kel\u2019in Travma ve Travmaya M\u00fcdahale konulu e\u011fitimi ile ba\u015flad\u0131. Ard\u0131ndan, Dr. \u00d6\u011fr. \u00dcyesi Ahmet \u00d6zaslan Davran\u0131\u015f Y\u00f6netimi ve Disiplin konulu sunumunu ger\u00e7ekle\u015ftirdi.<\/p>\n<p>\u00dc\u00e7\u00fcnc\u00fc g\u00fcn Prof. Dr. M\u00fcdriye Y\u0131ld\u0131z B\u0131\u00e7ak\u00e7\u0131, Tipik ve Atipik Geli\u015fim G\u00f6steren \u00c7ocuklar\u0131n \u00d6zellikleri konulu e\u011fitimini ger\u00e7ekle\u015ftirdi. E\u011fitim, grup \u00e7al\u0131\u015fmalar\u0131 ile devam etti.<\/p>\n<p>E\u011fitimin\u00a0 d\u00f6rd\u00fcnc\u00fc g\u00fcn\u00fcnde Rabia Tuba Y\u0131ld\u0131z, Personelde\/Ailelerde T\u00fckenmi\u015flik ve Stres Y\u00f6netimi ile \u00c7at\u0131\u015fma \u00c7\u00f6zme Becerileri konular\u0131 hakk\u0131nda kat\u0131l\u0131mc\u0131lar\u0131 bilgilendirdi.<\/p>\n<p>Son g\u00fcn Do\u00e7. Dr. Ahmet Ege\u2019nin e\u011fitimi ile devam etti ve kat\u0131l\u0131mc\u0131lar \u00c7ocuklarla G\u00f6r\u00fc\u015fme Teknikleri ile \u0130leti\u015fim Becerileri konular\u0131 hakk\u0131nda bilgilendirildi. E\u011fitim, grup \u00e7al\u0131\u015fmas\u0131, \u00e7\u0131kt\u0131lar\u0131n sunumu ve genel de\u011ferlendirme ile sonland\u0131r\u0131ld\u0131.<\/p>\n\n\t\t<\/div>\n\t<\/div>\n<\/div><\/div><\/div><div class=\"wpb_column vc_column_container vc_col-sm-12\"><div class=\"vc_column-inner\"><div class=\"wpb_wrapper\">\n<div class=\"vc_grid-container-wrapper vc_clearfix vc_grid-animation-fadeIn\">\n\t<div class=\"vc_grid-container vc_clearfix wpb_content_element vc_media_grid\" data-initial-loading-animation=\"fadeIn\" data-vc-grid-settings=\"{&quot;page_id&quot;:1723,&quot;style&quot;:&quot;all&quot;,&quot;action&quot;:&quot;vc_get_vc_grid_data&quot;,&quot;shortcode_id&quot;:&quot;1712780679553-06fa1e31-f00b-2&quot;,&quot;tag&quot;:&quot;vc_media_grid&quot;}\" data-vc-request=\"https:\/\/oznecocuk.com\/wp-admin\/admin-ajax.php\" data-vc-post-id=\"1723\" data-vc-public-nonce=\"b8ffa1903f\">\n\t\t\n\t<\/div>\n<\/div><\/div><\/div><\/div>\n\t\t\t<\/div>\n\t\t<\/div>\n<\/div>\n<\/section>","protected":false},"excerpt":{"rendered":"Faaliyet 2.7 \u00c7ocuk Koruma ve Bak\u0131m Hizmet Standartlar\u0131 Hakk\u0131nda E\u011fitici E\u011fitiminin ikincisi Ankara\u2019da ger\u00e7ekle\u015fti. Projemiz kapsam\u0131nda ger\u00e7ekle\u015fen ve \u00e7ocuk koruma ile ...","protected":false},"author":1,"featured_media":1714,"comment_status":"closed","ping_status":"closed","sticky":false,"template":"","format":"standard","meta":{"footnotes":""},"categories":[27],"tags":[],"class_list":["post-1723","post","type-post","status-publish","format-standard","has-post-thumbnail","hentry","category-haberler"],"_links":{"self":[{"href":"https:\/\/oznecocuk.com\/en\/wp-json\/wp\/v2\/posts\/1723","targetHints":{"allow":["GET"]}}],"collection":[{"href":"https:\/\/oznecocuk.com\/en\/wp-json\/wp\/v2\/posts"}],"about":[{"href":"https:\/\/oznecocuk.com\/en\/wp-json\/wp\/v2\/types\/post"}],"author":[{"embeddable":true,"href":"https:\/\/oznecocuk.com\/en\/wp-json\/wp\/v2\/users\/1"}],"replies":[{"embeddable":true,"href":"https:\/\/oznecocuk.com\/en\/wp-json\/wp\/v2\/comments?post=1723"}],"version-history":[{"count":1,"href":"https:\/\/oznecocuk.com\/en\/wp-json\/wp\/v2\/posts\/1723\/revisions"}],"predecessor-version":[{"id":1728,"href":"https:\/\/oznecocuk.com\/en\/wp-json\/wp\/v2\/posts\/1723\/revisions\/1728"}],"wp:featuredmedia":[{"embeddable":true,"href":"https:\/\/oznecocuk.com\/en\/wp-json\/wp\/v2\/media\/1714"}],"wp:attachment":[{"href":"https:\/\/oznecocuk.com\/en\/wp-json\/wp\/v2\/media?parent=1723"}],"wp:term":[{"taxonomy":"category","embeddable":true,"href":"https:\/\/oznecocuk.com\/en\/wp-json\/wp\/v2\/categories?post=1723"},{"taxonomy":"post_tag","embeddable":true,"href":"https:\/\/oznecocuk.com\/en\/wp-json\/wp\/v2\/tags?post=1723"}],"curies":[{"name":"wp","href":"https:\/\/api.w.org\/{rel}","templated":true}]}}