{"id":1710,"date":"2024-04-03T18:41:21","date_gmt":"2024-04-03T15:41:21","guid":{"rendered":"https:\/\/oznecocuk.com\/?p=1710"},"modified":"2024-04-10T23:19:03","modified_gmt":"2024-04-10T20:19:03","slug":"faaliyet-2-7-c%cc%a7ocuk-koruma-ve-bakim-hizmet-standartlari-hakkinda-eg%cc%86itici-eg%cc%86itiminin-ilki-ankarada-gerceklesti","status":"publish","type":"post","link":"https:\/\/oznecocuk.com\/en\/faaliyet-2-7-c%cc%a7ocuk-koruma-ve-bakim-hizmet-standartlari-hakkinda-eg%cc%86itici-eg%cc%86itiminin-ilki-ankarada-gerceklesti\/","title":{"rendered":"Faaliyet 2.7 C\u0327ocuk Koruma ve Bak\u0131m Hizmet Standartlar\u0131 Hakk\u0131nda Eg\u0306itici Eg\u0306itimi\u2019nin ilki Ankara\u2019da ger\u00e7ekle\u015fti."},"content":{"rendered":"<section class=\"wpb-content-wrapper\">\n<div id=\"wpc_69f2c9821ab6a\" class=\"vc_row wpb_row vc_row-fluid\">\n\t\t<div class=\"row_inner_wrapper  clearfix\">\n\t\t\t<div class=\"row_inner row_center_content clearfix\"><div class=\"wpb_column vc_column_container vc_col-sm-12\"><div class=\"vc_column-inner\"><div class=\"wpb_wrapper\">\n\t<div class=\"wpb_text_column wpb_content_element\" >\n\t\t<div class=\"wpb_wrapper\">\n\t\t\t<p>Projemiz kapsam\u0131nda \u00c7ocuk Koruma ve Bak\u0131m Hizmet Standartlar\u0131 Hakk\u0131nda E\u011fitici E\u011fitiminin birincisi Ankara\u2019da yakla\u015f\u0131k 25 ki\u015finin kat\u0131l\u0131m\u0131yla ger\u00e7ekle\u015fti. \u00c7ocuk koruma ve bak\u0131m hizmeti sa\u011flayan kurum personelinin kapasitesini art\u0131rmay\u0131 ama\u00e7layan e\u011fitimin a\u00e7\u0131l\u0131\u015f konu\u015fmas\u0131n\u0131 Kalite ve Hizmet Planlama Daire Ba\u015fkan\u0131 Bayram \u0130nce ve \u00d6zne \u00c7ocuk Projesi Kilit Uzman\u0131 Tar\u0131k Tuncay ger\u00e7ekle\u015ftirdi. A\u00e7\u0131l\u0131\u015f konu\u015fmalar\u0131nda e\u011fitici e\u011fitimi hakk\u0131nda genel bir \u00e7er\u00e7eve \u00e7izildi ve program a\u00e7\u0131klamalar\u0131 ile \u00f6n de\u011ferlendirme konular\u0131na yer verildi. E\u011fitime Aile ve Sosyal Hizmetler Bakanl\u0131\u011f\u0131 personeli ile Ankara ve ta\u015fra te\u015fkilatlar\u0131ndaki ilgili personel kat\u0131l\u0131m sa\u011flad\u0131.<\/p>\n<p>Be\u015f g\u00fcn devam eden e\u011fitimde \u00d6zne \u00c7ocuk Projesi Kilit Uzman\u0131 Tar\u0131k Tuncay, Dr. \u00d6\u011fretim \u00dcyesi Asl\u0131han Ni\u015fanc\u0131 ve Prof. Dr. Esra \u00c7al\u0131k Var\u2019\u0131n sunumlar\u0131n\u0131n yan\u0131 s\u0131ra grup \u00e7al\u0131\u015fmalar\u0131 da d\u00fczenlendi.<\/p>\n<p>E\u011fitimin birinci g\u00fcn\u00fcnde Ulusal ve Uluslararas\u0131 Mevzuat, Koruyucu, \u00d6nleyici ve G\u00fcnd\u00fczl\u00fc Hizmetler, Bak\u0131m ve Sosyal Rehabilitasyon Hizmetleri, \u0130nceleme, Tespit ve \u0130lk M\u00fcdahale Hizmetleri, Aile Yan\u0131nda Destek Hizmetleri ve Kamu Kurumlar\u0131n\u0131n \u00c7ocuk Koruma ile \u0130lgili Sorumluluklar\u0131 ve Payda\u015f Kurumlarla \u0130\u015f Birli\u011fi konular\u0131na yer verildi.<\/p>\n<p>E\u011fitimin ikinci g\u00fcn\u00fcnde oturumun a\u00e7\u0131l\u0131\u015f\u0131n\u0131 Dr. \u00d6\u011fretim \u00dcyesi Asl\u0131han Ni\u015fanc\u0131 Sosyal Hizmet \u0130htiyac\u0131n\u0131n De\u011ferlendirilmesi ve Analitik D\u00fc\u015f\u00fcnme Becerileri e\u011fitimi ile yapt\u0131. Ard\u0131ndan Prof. Dr. Esra \u00c7al\u0131k Var, \u00c7ocuk ve Aileyi De\u011ferlendirme\/Risk Tespiti konusu hakk\u0131nda bilgi verdi.<\/p>\n<p>\u00dc\u00e7\u00fcnc\u00fc g\u00fcn, Prof. Dr. Esra \u00c7al\u0131k Var\u2019\u0131n Aile Merkezli \u00c7ocuk Koruma Hizmetleri hakk\u0131ndaki e\u011fitimi ile devam etti. E\u011fitimin ard\u0131ndan grup \u00e7al\u0131\u015fmas\u0131 ve \u00e7\u0131kt\u0131lar\u0131n sunumu ger\u00e7ekle\u015ftirildi.<\/p>\n<p>E\u011fitici E\u011fitiminin d\u00f6rd\u00fcnc\u00fc g\u00fcn\u00fcnde Prof. Dr. Esra \u00c7al\u0131k Var, Vaka Y\u00f6netimi hakk\u0131ndaki e\u011fitimi ger\u00e7ekle\u015ftirdi.<\/p>\n<p>E\u011fitimin son g\u00fcn\u00fc;\u00a0 \u00d6zne \u00c7ocuk Projesi Kilit Uzman\u0131 Tar\u0131k Tuncay\u2019\u0131n Psikososyal M\u00fcdahale Yakla\u015f\u0131mlar\u0131 e\u011fitimi ile ba\u015far\u0131yla tamamland\u0131.<\/p>\n\n\t\t<\/div>\n\t<\/div>\n<\/div><\/div><\/div><div class=\"wpb_column vc_column_container vc_col-sm-12\"><div class=\"vc_column-inner\"><div class=\"wpb_wrapper\">\n<div class=\"vc_grid-container-wrapper vc_clearfix vc_grid-animation-fadeIn\">\n\t<div class=\"vc_grid-container vc_clearfix wpb_content_element vc_media_grid\" data-initial-loading-animation=\"fadeIn\" data-vc-grid-settings=\"{&quot;page_id&quot;:1710,&quot;style&quot;:&quot;all&quot;,&quot;action&quot;:&quot;vc_get_vc_grid_data&quot;,&quot;shortcode_id&quot;:&quot;1712158601113-4b99fb6b-60d2-0&quot;,&quot;tag&quot;:&quot;vc_media_grid&quot;}\" data-vc-request=\"https:\/\/oznecocuk.com\/wp-admin\/admin-ajax.php\" data-vc-post-id=\"1710\" data-vc-public-nonce=\"b8ffa1903f\">\n\t\t\n\t<\/div>\n<\/div><\/div><\/div><\/div>\n\t\t\t<\/div>\n\t\t<\/div>\n<\/div>\n<\/section>","protected":false},"excerpt":{"rendered":"Projemiz kapsam\u0131nda \u00c7ocuk Koruma ve Bak\u0131m Hizmet Standartlar\u0131 Hakk\u0131nda E\u011fitici E\u011fitiminin birincisi Ankara\u2019da yakla\u015f\u0131k 25 ki\u015finin kat\u0131l\u0131m\u0131yla ger\u00e7ekle\u015fti. \u00c7ocuk koruma ve ...","protected":false},"author":1,"featured_media":1711,"comment_status":"closed","ping_status":"closed","sticky":false,"template":"","format":"standard","meta":{"footnotes":""},"categories":[27],"tags":[],"class_list":["post-1710","post","type-post","status-publish","format-standard","has-post-thumbnail","hentry","category-haberler"],"_links":{"self":[{"href":"https:\/\/oznecocuk.com\/en\/wp-json\/wp\/v2\/posts\/1710","targetHints":{"allow":["GET"]}}],"collection":[{"href":"https:\/\/oznecocuk.com\/en\/wp-json\/wp\/v2\/posts"}],"about":[{"href":"https:\/\/oznecocuk.com\/en\/wp-json\/wp\/v2\/types\/post"}],"author":[{"embeddable":true,"href":"https:\/\/oznecocuk.com\/en\/wp-json\/wp\/v2\/users\/1"}],"replies":[{"embeddable":true,"href":"https:\/\/oznecocuk.com\/en\/wp-json\/wp\/v2\/comments?post=1710"}],"version-history":[{"count":2,"href":"https:\/\/oznecocuk.com\/en\/wp-json\/wp\/v2\/posts\/1710\/revisions"}],"predecessor-version":[{"id":1725,"href":"https:\/\/oznecocuk.com\/en\/wp-json\/wp\/v2\/posts\/1710\/revisions\/1725"}],"wp:featuredmedia":[{"embeddable":true,"href":"https:\/\/oznecocuk.com\/en\/wp-json\/wp\/v2\/media\/1711"}],"wp:attachment":[{"href":"https:\/\/oznecocuk.com\/en\/wp-json\/wp\/v2\/media?parent=1710"}],"wp:term":[{"taxonomy":"category","embeddable":true,"href":"https:\/\/oznecocuk.com\/en\/wp-json\/wp\/v2\/categories?post=1710"},{"taxonomy":"post_tag","embeddable":true,"href":"https:\/\/oznecocuk.com\/en\/wp-json\/wp\/v2\/tags?post=1710"}],"curies":[{"name":"wp","href":"https:\/\/api.w.org\/{rel}","templated":true}]}}