{"id":1686,"date":"2023-12-26T14:58:32","date_gmt":"2023-12-26T11:58:32","guid":{"rendered":"https:\/\/oznecocuk.com\/?p=1686"},"modified":"2023-12-26T14:59:39","modified_gmt":"2023-12-26T11:59:39","slug":"cocuk-koruma-hizmetleri-ve-kalite-sistemi-dogrulama-calistaylari-gerceklestirildi","status":"publish","type":"post","link":"https:\/\/oznecocuk.com\/en\/cocuk-koruma-hizmetleri-ve-kalite-sistemi-dogrulama-calistaylari-gerceklestirildi\/","title":{"rendered":"\u00c7ocuk Koruma Hizmetleri ve Kalite Sistemi Do\u011frulama \u00c7al\u0131\u015ftaylar\u0131 Ger\u00e7ekle\u015ftirildi"},"content":{"rendered":"<section class=\"wpb-content-wrapper\">\n<div id=\"wpc_69f297abd10eb\" class=\"vc_row wpb_row vc_row-fluid\">\n\t\t<div class=\"row_inner_wrapper  clearfix\">\n\t\t\t<div class=\"row_inner row_center_content clearfix\"><div class=\"wpb_column vc_column_container vc_col-sm-12\"><div class=\"vc_column-inner\"><div class=\"wpb_wrapper\">\n\t<div class=\"wpb_text_column wpb_content_element\" >\n\t\t<div class=\"wpb_wrapper\">\n\t\t\t<p style=\"margin: 0cm; text-align: justify; background: white;\"><span lang=\"EN-US\" style=\"font-size: 10.0pt; font-family: 'Segoe UI',sans-serif; color: #1f1f1f;\">&#8220;\u00c7ocuk Koruma Hizmetleri ve Kalite Sistemi Do\u011frulama \u00c7al\u0131\u015ftaylar\u0131&#8221; 31 Ekim 2023 Sal\u0131 g\u00fcn\u00fc Ankara&#8217;da ger\u00e7ekle\u015ftirildi. \u00c7al\u0131\u015ftay Aile ve Sosyal Hizmetler Bakanl\u0131\u011f\u0131 \u00c7ocuk Hizmetleri Genel M\u00fcd\u00fcr Yard\u0131mc\u0131s\u0131 Mustafa Bilir, Ara\u015ft\u0131rma Geli\u015ftirme Proje Daire Ba\u015fkan\u0131 Bayram \u0130nce ve \u00d6zne \u00c7ocuk Projesi Kilit Uzman\u0131 Tar\u0131k Tuncay\u2019\u0131n a\u00e7\u0131l\u0131\u015f konu\u015fmalar\u0131yla ba\u015flad\u0131. <\/span><\/p>\n<p style=\"margin: 0cm; text-align: justify; background: white;\"><span lang=\"EN-US\" style=\"font-size: 10.0pt; font-family: 'Segoe UI',sans-serif; color: #1f1f1f;\">\u00a0<\/span><\/p>\n<p style=\"margin: 0cm; text-align: justify; background: white;\"><span lang=\"EN-US\" style=\"font-size: 10.0pt; font-family: 'Segoe UI',sans-serif; color: #1f1f1f;\">\u00c7ocuk koruma alan\u0131nda \u00e7al\u0131\u015fan kamu kurumlar\u0131, sivil toplum kurulu\u015flar\u0131 ve akademisyenlerden olu\u015fan yakla\u015f\u0131k 50 kat\u0131l\u0131mc\u0131n\u0131n yer ald\u0131\u011f\u0131 \u00e7al\u0131\u015ftay\u0131n ilk oturumunda, T\u00fcrkiye&#8217;deki \u00e7ocuk koruma hizmetleri ve kalite sistemine ili\u015fkin mevcut durum de\u011ferlendirilerek, saha \u00e7al\u0131\u015fmas\u0131 sonu\u00e7lar\u0131n\u0131n sunumu ger\u00e7ekle\u015ftirildi. \u0130kinci oturumda ise, T\u00fcrkiye&#8217;deki \u00e7ocuk koruma hizmetlerinin AB standartlar\u0131 ile uyumu tart\u0131\u015f\u0131ld\u0131.<\/span><\/p>\n<p style=\"margin: 0cm; text-align: justify; background: white;\"><span lang=\"EN-US\" style=\"font-size: 10.0pt; font-family: 'Segoe UI',sans-serif; color: #1f1f1f;\">\u00a0<\/span><\/p>\n<p style=\"margin: 0cm; text-align: justify; background: white;\"><span lang=\"EN-US\" style=\"font-size: 10.0pt; font-family: 'Segoe UI',sans-serif; color: #1f1f1f;\">\u00d6\u011fle aras\u0131n\u0131n ard\u0131ndan, kat\u0131l\u0131mc\u0131lar \u00e7ocuk koruma ve bak\u0131m hizmetlerinin eri\u015filebilirli\u011fi ve kalitesinin kar\u015f\u0131la\u015ft\u0131rmal\u0131 analizi temalar\u0131 \u00e7er\u00e7evesinde odak grup \u00e7al\u0131\u015fmalar\u0131na kat\u0131ld\u0131. Odak grup \u00e7al\u0131\u015fmalar\u0131nda, \u00e7ocuk koruma hizmetlerinin eri\u015filebilirli\u011fi ve kalitesinin geli\u015ftirilmesi i\u00e7in \u00f6neri setleri geli\u015ftirildi. \u00c7al\u0131\u015ftay\u0131n son oturumunda, odak grup \u00e7al\u0131\u015fmalar\u0131nda geli\u015ftirilen \u00f6neriler kat\u0131l\u0131mc\u0131larla payla\u015f\u0131ld\u0131. \u00c7al\u0131\u015ftay, g\u00fcn\u00fcn de\u011ferlendirilmesi ile sona erdi.<\/span><\/p>\n\n\t\t<\/div>\n\t<\/div>\n<\/div><\/div><\/div><div class=\"wpb_column vc_column_container vc_col-sm-12\"><div class=\"vc_column-inner\"><div class=\"wpb_wrapper\">\n<div class=\"vc_grid-container-wrapper vc_clearfix vc_grid-animation-fadeIn\">\n\t<div class=\"vc_grid-container vc_clearfix wpb_content_element vc_media_grid\" data-initial-loading-animation=\"fadeIn\" data-vc-grid-settings=\"{&quot;page_id&quot;:1686,&quot;style&quot;:&quot;all&quot;,&quot;action&quot;:&quot;vc_get_vc_grid_data&quot;,&quot;shortcode_id&quot;:&quot;1703591818398-e3b848dd-b4f5-6&quot;,&quot;tag&quot;:&quot;vc_media_grid&quot;}\" data-vc-request=\"https:\/\/oznecocuk.com\/wp-admin\/admin-ajax.php\" data-vc-post-id=\"1686\" data-vc-public-nonce=\"196848f488\">\n\t\t\n\t<\/div>\n<\/div><\/div><\/div><\/div>\n\t\t\t<\/div>\n\t\t<\/div>\n<\/div>\n<\/section>","protected":false},"excerpt":{"rendered":"\"\u00c7ocuk Koruma Hizmetleri ve Kalite Sistemi Do\u011frulama \u00c7al\u0131\u015ftaylar\u0131\" 31 Ekim 2023 Sal\u0131 g\u00fcn\u00fc Ankara'da ger\u00e7ekle\u015ftirildi. \u00c7al\u0131\u015ftay Aile ve Sosyal Hizmetler Bakanl\u0131\u011f\u0131 ...","protected":false},"author":1,"featured_media":1692,"comment_status":"closed","ping_status":"closed","sticky":false,"template":"","format":"standard","meta":{"footnotes":""},"categories":[27],"tags":[],"class_list":["post-1686","post","type-post","status-publish","format-standard","has-post-thumbnail","hentry","category-haberler"],"_links":{"self":[{"href":"https:\/\/oznecocuk.com\/en\/wp-json\/wp\/v2\/posts\/1686","targetHints":{"allow":["GET"]}}],"collection":[{"href":"https:\/\/oznecocuk.com\/en\/wp-json\/wp\/v2\/posts"}],"about":[{"href":"https:\/\/oznecocuk.com\/en\/wp-json\/wp\/v2\/types\/post"}],"author":[{"embeddable":true,"href":"https:\/\/oznecocuk.com\/en\/wp-json\/wp\/v2\/users\/1"}],"replies":[{"embeddable":true,"href":"https:\/\/oznecocuk.com\/en\/wp-json\/wp\/v2\/comments?post=1686"}],"version-history":[{"count":1,"href":"https:\/\/oznecocuk.com\/en\/wp-json\/wp\/v2\/posts\/1686\/revisions"}],"predecessor-version":[{"id":1695,"href":"https:\/\/oznecocuk.com\/en\/wp-json\/wp\/v2\/posts\/1686\/revisions\/1695"}],"wp:featuredmedia":[{"embeddable":true,"href":"https:\/\/oznecocuk.com\/en\/wp-json\/wp\/v2\/media\/1692"}],"wp:attachment":[{"href":"https:\/\/oznecocuk.com\/en\/wp-json\/wp\/v2\/media?parent=1686"}],"wp:term":[{"taxonomy":"category","embeddable":true,"href":"https:\/\/oznecocuk.com\/en\/wp-json\/wp\/v2\/categories?post=1686"},{"taxonomy":"post_tag","embeddable":true,"href":"https:\/\/oznecocuk.com\/en\/wp-json\/wp\/v2\/tags?post=1686"}],"curies":[{"name":"wp","href":"https:\/\/api.w.org\/{rel}","templated":true}]}}