{"id":1684,"date":"2023-12-26T14:54:53","date_gmt":"2023-12-26T11:54:53","guid":{"rendered":"https:\/\/oznecocuk.com\/?p=1684"},"modified":"2023-12-26T14:54:59","modified_gmt":"2023-12-26T11:54:59","slug":"communication-coordination-and-information-sharing-strategy-document-workshop-completed","status":"publish","type":"post","link":"https:\/\/oznecocuk.com\/en\/communication-coordination-and-information-sharing-strategy-document-workshop-completed\/","title":{"rendered":"Communication, Coordination and Information Sharing Strategy Document Workshop Completed"},"content":{"rendered":"<section class=\"wpb-content-wrapper\">\n<div id=\"wpc_69f28a18c3b07\" class=\"vc_row wpb_row vc_row-fluid\">\n\t\t<div class=\"row_inner_wrapper  clearfix\">\n\t\t\t<div class=\"row_inner row_center_content clearfix\"><div class=\"wpb_column vc_column_container vc_col-sm-12\"><div class=\"vc_column-inner\"><div class=\"wpb_wrapper\">\n\t<div class=\"wpb_text_column wpb_content_element\" >\n\t\t<div class=\"wpb_wrapper\">\n\t\t\t<p>As part of our project, the Communication, Coordination and Information Sharing Strategy Document Workshop took place on Wednesday, 1 November 2023, in Ankara. Approximately 50 participants from public institutions, civil society organizations and academia attended the workshop.<\/p>\n<p>&nbsp;<\/p>\n<p>The opening speech of the workshop was delivered by Emre Ertekin, Family and Social Services Expert of the Ministry of Family and Social Services. Mr. Ertekin underscored the crucial role of coordination and collaboration in the field of child protection and emphasized the need to develop a strategic document to enhance the effectiveness and efficiency of work in this field. Likewise, during his address, Tar\u0131k Tuncay, the Key Expert of the \u00d6zne \u00c7ocuk project, highlighted that the workshop aimed to identify challenges in communication, coordination and information sharing within the field of child protection, and to draft recommendations addressing these challenges.<\/p>\n<p>&nbsp;<\/p>\n<p>In the first session of the workshop, the conceptual framework and the results of the current situation analysis of the communication, coordination and information sharing strategy document were reviewed. The second session focused on the challenges faced in communication, coordination and information sharing.<\/p>\n<p>&nbsp;<\/p>\n<p>After the lunch break, participants engaged in focus group discussions centred on the themes of communication, coordination, and collaboration, drafting sets of recommendations on these topics. These recommendations were then shared in the closing session of the workshop. The workshop concluded with evaluations of the day.<\/p>\n\n\t\t<\/div>\n\t<\/div>\n<\/div><\/div><\/div><div class=\"wpb_column vc_column_container vc_col-sm-12\"><div class=\"vc_column-inner\"><div class=\"wpb_wrapper\">\n<div class=\"vc_grid-container-wrapper vc_clearfix vc_grid-animation-fadeIn\">\n\t<div class=\"vc_grid-container vc_clearfix wpb_content_element vc_media_grid\" data-initial-loading-animation=\"fadeIn\" data-vc-grid-settings=\"{&quot;page_id&quot;:1684,&quot;style&quot;:&quot;all&quot;,&quot;action&quot;:&quot;vc_get_vc_grid_data&quot;,&quot;shortcode_id&quot;:&quot;1703591659135-118e1168-50b3-10&quot;,&quot;tag&quot;:&quot;vc_media_grid&quot;}\" data-vc-request=\"https:\/\/oznecocuk.com\/wp-admin\/admin-ajax.php\" data-vc-post-id=\"1684\" data-vc-public-nonce=\"196848f488\">\n\t\t\n\t<\/div>\n<\/div><\/div><\/div><\/div>\n\t\t\t<\/div>\n\t\t<\/div>\n<\/div>\n<\/section>","protected":false},"excerpt":{"rendered":"As part of our project, the Communication, Coordination and Information Sharing Strategy Document Workshop took place on Wednesday, 1 November 2023, ...","protected":false},"author":1,"featured_media":1680,"comment_status":"closed","ping_status":"closed","sticky":false,"template":"","format":"standard","meta":{"footnotes":""},"categories":[45],"tags":[],"class_list":["post-1684","post","type-post","status-publish","format-standard","has-post-thumbnail","hentry","category-news"],"_links":{"self":[{"href":"https:\/\/oznecocuk.com\/en\/wp-json\/wp\/v2\/posts\/1684","targetHints":{"allow":["GET"]}}],"collection":[{"href":"https:\/\/oznecocuk.com\/en\/wp-json\/wp\/v2\/posts"}],"about":[{"href":"https:\/\/oznecocuk.com\/en\/wp-json\/wp\/v2\/types\/post"}],"author":[{"embeddable":true,"href":"https:\/\/oznecocuk.com\/en\/wp-json\/wp\/v2\/users\/1"}],"replies":[{"embeddable":true,"href":"https:\/\/oznecocuk.com\/en\/wp-json\/wp\/v2\/comments?post=1684"}],"version-history":[{"count":1,"href":"https:\/\/oznecocuk.com\/en\/wp-json\/wp\/v2\/posts\/1684\/revisions"}],"predecessor-version":[{"id":1685,"href":"https:\/\/oznecocuk.com\/en\/wp-json\/wp\/v2\/posts\/1684\/revisions\/1685"}],"wp:featuredmedia":[{"embeddable":true,"href":"https:\/\/oznecocuk.com\/en\/wp-json\/wp\/v2\/media\/1680"}],"wp:attachment":[{"href":"https:\/\/oznecocuk.com\/en\/wp-json\/wp\/v2\/media?parent=1684"}],"wp:term":[{"taxonomy":"category","embeddable":true,"href":"https:\/\/oznecocuk.com\/en\/wp-json\/wp\/v2\/categories?post=1684"},{"taxonomy":"post_tag","embeddable":true,"href":"https:\/\/oznecocuk.com\/en\/wp-json\/wp\/v2\/tags?post=1684"}],"curies":[{"name":"wp","href":"https:\/\/api.w.org\/{rel}","templated":true}]}}