{"id":1677,"date":"2023-12-26T14:53:27","date_gmt":"2023-12-26T11:53:27","guid":{"rendered":"https:\/\/oznecocuk.com\/?p=1677"},"modified":"2023-12-26T14:53:27","modified_gmt":"2023-12-26T11:53:27","slug":"iletisim-koordinasyon-ve-bilgi-paylasimi-strateji-belgesi-calistayi-gerceklestirildi","status":"publish","type":"post","link":"https:\/\/oznecocuk.com\/en\/iletisim-koordinasyon-ve-bilgi-paylasimi-strateji-belgesi-calistayi-gerceklestirildi\/","title":{"rendered":"\u0130leti\u015fim, Koordinasyon ve Bilgi Payla\u015f\u0131m\u0131 Strateji Belgesi \u00c7al\u0131\u015ftay\u0131 Ger\u00e7ekle\u015ftirildi"},"content":{"rendered":"<section class=\"wpb-content-wrapper\">\n<div id=\"wpc_69f279110d7ea\" class=\"vc_row wpb_row vc_row-fluid\">\n\t\t<div class=\"row_inner_wrapper  clearfix\">\n\t\t\t<div class=\"row_inner row_center_content clearfix\"><div class=\"wpb_column vc_column_container vc_col-sm-12\"><div class=\"vc_column-inner\"><div class=\"wpb_wrapper\">\n\t<div class=\"wpb_text_column wpb_content_element\" >\n\t\t<div class=\"wpb_wrapper\">\n\t\t\t<p style=\"margin: 0cm; text-align: justify; background: white;\"><span lang=\"EN-US\" style=\"font-size: 10.0pt; font-family: 'Segoe UI',sans-serif; color: #1f1f1f;\">Projemiz kapsam\u0131nda &#8220;\u0130leti\u015fim, Koordinasyon ve Bilgi Payla\u015f\u0131m\u0131 Strateji Belgesi \u00c7al\u0131\u015ftay\u0131&#8221; 1 Kas\u0131m 2023 \u00c7ar\u015famba g\u00fcn\u00fc Ankara&#8217;da ger\u00e7ekle\u015ftirildi. \u00c7al\u0131\u015ftaya \u00e7ocuk koruma alan\u0131nda \u00e7al\u0131\u015fan kamu kurumlar\u0131, sivil toplum kurulu\u015flar\u0131 ve akademisyenlerden olu\u015fan yakla\u015f\u0131k 50 kat\u0131l\u0131mc\u0131 kat\u0131ld\u0131.<\/span><\/p>\n<p style=\"margin: 0cm; text-align: justify; background: white;\"><span lang=\"EN-US\" style=\"font-size: 10.0pt; font-family: 'Segoe UI',sans-serif; color: #1f1f1f;\">\u00a0<\/span><\/p>\n<p style=\"margin: 0cm; text-align: justify; background: white;\"><span lang=\"EN-US\" style=\"font-size: 10.0pt; font-family: 'Segoe UI',sans-serif; color: #1f1f1f;\">\u00c7al\u0131\u015ftay\u0131n a\u00e7\u0131l\u0131\u015f konu\u015fmas\u0131, Aile ve Sosyal Hizmetler Bakanl\u0131\u011f\u0131 Aile ve Sosyal Hizmetler Uzman\u0131 Emre Ertekin taraf\u0131ndan ger\u00e7ekle\u015ftirildi. Say\u0131n Ertekin, \u00e7ocuk koruma alan\u0131nda koordinasyon ve i\u015f birli\u011finin \u00f6nemine de\u011finerek bu alanda yap\u0131lacak \u00e7al\u0131\u015fmalar\u0131n daha etkin ve verimli olmas\u0131 i\u00e7in stratejik bir belgenin haz\u0131rlanmas\u0131n\u0131n gereklili\u011fine vurgu yapt\u0131. \u00d6zne \u00c7ocuk Projesi Kilit Uzman\u0131 Tar\u0131k Tuncay da konu\u015fmas\u0131nda \u00e7al\u0131\u015ftay\u0131n amac\u0131n\u0131n, \u00e7ocuk koruma alan\u0131ndaki ileti\u015fim, koordinasyon ve bilgi payla\u015f\u0131m\u0131 sorunlar\u0131n\u0131 tespit ederek bu sorunlar\u0131n \u00e7\u00f6z\u00fcm\u00fcne y\u00f6nelik \u00f6neriler geli\u015ftirmek oldu\u011funu belirtti.<\/span><\/p>\n<p style=\"margin: 0cm; text-align: justify; background: white;\"><span lang=\"EN-US\" style=\"font-size: 10.0pt; font-family: 'Segoe UI',sans-serif; color: #1f1f1f;\">\u00a0<\/span><\/p>\n<p style=\"margin: 0cm; text-align: justify; background: white;\"><span lang=\"EN-US\" style=\"font-size: 10.0pt; font-family: 'Segoe UI',sans-serif; color: #1f1f1f;\">\u00c7al\u0131\u015ftay\u0131n ilk oturumunda, ileti\u015fim, koordinasyon ve bilgi payla\u015f\u0131m\u0131 strateji belgesinin kuramsal \u00e7er\u00e7evesi ve durum analizi sonu\u00e7lar\u0131 de\u011ferlendirildi. \u0130kinci oturumda ise, \u00e7ocuk korumada koordinasyon, i\u015f birli\u011fi ve ileti\u015fim konular\u0131nda ya\u015fanan g\u00fc\u00e7l\u00fckler tart\u0131\u015f\u0131ld\u0131.<\/span><\/p>\n<p style=\"margin: 0cm; text-align: justify; background: white;\"><span lang=\"EN-US\" style=\"font-size: 10.0pt; font-family: 'Segoe UI',sans-serif; color: #1f1f1f;\">\u00a0<\/span><\/p>\n<p style=\"margin: 0cm; text-align: justify; background: white;\"><span lang=\"EN-US\" style=\"font-size: 10.0pt; font-family: 'Segoe UI',sans-serif; color: #1f1f1f;\">\u00d6\u011fle aras\u0131n\u0131n ard\u0131ndan, kat\u0131l\u0131mc\u0131lar ileti\u015fim, koordinasyon ve i\u015f birli\u011fi temalar\u0131 \u00e7er\u00e7evesinde odak grup \u00e7al\u0131\u015fmalar\u0131na kat\u0131larak konuyla ilgili \u00f6neri setleri geli\u015ftirdi. \u00c7al\u0131\u015ftay\u0131n son oturumunda, odak grup \u00e7al\u0131\u015fmalar\u0131nda geli\u015ftirilen \u00f6neriler payla\u015f\u0131ld\u0131. \u00c7al\u0131\u015ftay, g\u00fcn\u00fcn de\u011ferlendirilmesi ile sona erdi.<\/span><\/p>\n\n\t\t<\/div>\n\t<\/div>\n<\/div><\/div><\/div><div class=\"wpb_column vc_column_container vc_col-sm-12\"><div class=\"vc_column-inner\"><div class=\"wpb_wrapper\">\n<div class=\"vc_grid-container-wrapper vc_clearfix vc_grid-animation-fadeIn\">\n\t<div class=\"vc_grid-container vc_clearfix wpb_content_element vc_media_grid\" data-initial-loading-animation=\"fadeIn\" data-vc-grid-settings=\"{&quot;page_id&quot;:1677,&quot;style&quot;:&quot;all&quot;,&quot;action&quot;:&quot;vc_get_vc_grid_data&quot;,&quot;shortcode_id&quot;:&quot;1703591570212-135db310-9e23-4&quot;,&quot;tag&quot;:&quot;vc_media_grid&quot;}\" data-vc-request=\"https:\/\/oznecocuk.com\/wp-admin\/admin-ajax.php\" data-vc-post-id=\"1677\" data-vc-public-nonce=\"196848f488\">\n\t\t\n\t<\/div>\n<\/div><\/div><\/div><\/div>\n\t\t\t<\/div>\n\t\t<\/div>\n<\/div>\n<\/section>","protected":false},"excerpt":{"rendered":"Projemiz kapsam\u0131nda \"\u0130leti\u015fim, Koordinasyon ve Bilgi Payla\u015f\u0131m\u0131 Strateji Belgesi \u00c7al\u0131\u015ftay\u0131\" 1 Kas\u0131m 2023 \u00c7ar\u015famba g\u00fcn\u00fc Ankara'da ger\u00e7ekle\u015ftirildi. \u00c7al\u0131\u015ftaya \u00e7ocuk koruma alan\u0131nda ...","protected":false},"author":1,"featured_media":1680,"comment_status":"closed","ping_status":"closed","sticky":false,"template":"","format":"standard","meta":{"footnotes":""},"categories":[27],"tags":[],"class_list":["post-1677","post","type-post","status-publish","format-standard","has-post-thumbnail","hentry","category-haberler"],"_links":{"self":[{"href":"https:\/\/oznecocuk.com\/en\/wp-json\/wp\/v2\/posts\/1677","targetHints":{"allow":["GET"]}}],"collection":[{"href":"https:\/\/oznecocuk.com\/en\/wp-json\/wp\/v2\/posts"}],"about":[{"href":"https:\/\/oznecocuk.com\/en\/wp-json\/wp\/v2\/types\/post"}],"author":[{"embeddable":true,"href":"https:\/\/oznecocuk.com\/en\/wp-json\/wp\/v2\/users\/1"}],"replies":[{"embeddable":true,"href":"https:\/\/oznecocuk.com\/en\/wp-json\/wp\/v2\/comments?post=1677"}],"version-history":[{"count":1,"href":"https:\/\/oznecocuk.com\/en\/wp-json\/wp\/v2\/posts\/1677\/revisions"}],"predecessor-version":[{"id":1683,"href":"https:\/\/oznecocuk.com\/en\/wp-json\/wp\/v2\/posts\/1677\/revisions\/1683"}],"wp:featuredmedia":[{"embeddable":true,"href":"https:\/\/oznecocuk.com\/en\/wp-json\/wp\/v2\/media\/1680"}],"wp:attachment":[{"href":"https:\/\/oznecocuk.com\/en\/wp-json\/wp\/v2\/media?parent=1677"}],"wp:term":[{"taxonomy":"category","embeddable":true,"href":"https:\/\/oznecocuk.com\/en\/wp-json\/wp\/v2\/categories?post=1677"},{"taxonomy":"post_tag","embeddable":true,"href":"https:\/\/oznecocuk.com\/en\/wp-json\/wp\/v2\/tags?post=1677"}],"curies":[{"name":"wp","href":"https:\/\/api.w.org\/{rel}","templated":true}]}}