{"id":1631,"date":"2023-07-21T12:47:50","date_gmt":"2023-07-21T09:47:50","guid":{"rendered":"https:\/\/oznecocuk.com\/?p=1631"},"modified":"2023-07-21T12:47:50","modified_gmt":"2023-07-21T09:47:50","slug":"23-june-child-meeting","status":"publish","type":"post","link":"https:\/\/oznecocuk.com\/en\/23-june-child-meeting\/","title":{"rendered":"On June 23rd, We Gathered with the Children of Seasonal Agricultural Worker Families!"},"content":{"rendered":"<p>As \u00d6zne \u00c7ocuk Project, we persistently strive to raise awareness about the adverse effects of child labour in T\u00fcrkiye. Accordingly, we held the second children gathering event of our project on 23 June 2023 in Polatl\u0131\/Ankara. During the event held with the participation of children from the Sar\u0131oba Seasonal Agricultural Worker Settlement, agricultural workers, and representatives from public institutions and organizations, we made sure that both children and attendees had a delightful day filled with theatre performances, children&#8217;s workshops, as well as informative sessions and engaging activities for adults.<\/p>\n<h2><strong>Child Labour in T\u00fcrkiye<\/strong><\/h2>\n<p>The prevention and eradication of child labour in all sectors have been a longstanding national goal in T\u00fcrkiye. According to TURKSTAT 2019 data, 45.5% of economically active children in the 5-17 age group work in the service sector, 30.8% in agriculture and 23.7% in industry. Based on TURKSTAT&#8217;s 2019 data, the service sector stands as the industry with the highest incidence of child labour. Children working in the industrial sector make up 24% of economically active children.<\/p>\n<p>Consequently, as part of our project&#8217;s awareness-raising activities, we are hosting gatherings for children. We held the first of our events last year in \u00c7anakkale with the participation of over 1300 children. <a href=\"https:\/\/oznecocuk.com\/en\/12-july-canakkale-childrens-gathering\/\" target=\"_blank\" rel=\"noopener\">Click for detailed information on our first event.<\/a><\/p>\n<h2><strong>In the Playgrounds, Not in the Fields!<\/strong><\/h2>\n<p>This year, following the path set by our motto &#8220;Children Belong in Playgrounds, Not in the Fields&#8221;, our primary focus remained on creating a joyous day for the children. We prepared an enjoyable program by cooperating with Pikolo Association, which has long been focusing on seasonal agricultural worker children.<\/p>\n<h2><strong>Opening Speech<\/strong><\/h2>\n<p><img loading=\"lazy\" decoding=\"async\" class=\"aligncenter wp-image-1618\" src=\"https:\/\/oznecocuk.com\/wp-content\/uploads\/2023\/07\/ozne-cocuk_sosyal-medya_09092022_artboard-1-copy-38.png\" alt=\"\" width=\"400\" height=\"400\" srcset=\"https:\/\/oznecocuk.com\/wp-content\/uploads\/2023\/07\/ozne-cocuk_sosyal-medya_09092022_artboard-1-copy-38.png 1081w, https:\/\/oznecocuk.com\/wp-content\/uploads\/2023\/07\/ozne-cocuk_sosyal-medya_09092022_artboard-1-copy-38-768x768.png 768w, https:\/\/oznecocuk.com\/wp-content\/uploads\/2023\/07\/ozne-cocuk_sosyal-medya_09092022_artboard-1-copy-38-12x12.png 12w\" sizes=\"auto, (max-width: 400px) 100vw, 400px\" \/><\/p>\n<p>Our event started with the speech of Hayriye \u00d6zkald\u0131, Head of Department at the General Directorate of Labour, on behalf of the Ministry of Labour and Social Security, the beneficiary institution of the project. Ms. \u00d6zkald\u0131 emphasized the significance of preventing child labour and highlighted the initiatives undertaken in this domain.<\/p>\n<h2><strong>Children Embarked on an Adventure with Elsa and the Bear!<\/strong><\/h2>\n<p><img loading=\"lazy\" decoding=\"async\" class=\"aligncenter wp-image-1620\" src=\"https:\/\/oznecocuk.com\/wp-content\/uploads\/2023\/07\/ozne-cocuk_sosyal-medya_09092022_artboard-1-copy-58.png\" alt=\"\" width=\"400\" height=\"400\" srcset=\"https:\/\/oznecocuk.com\/wp-content\/uploads\/2023\/07\/ozne-cocuk_sosyal-medya_09092022_artboard-1-copy-58.png 1081w, https:\/\/oznecocuk.com\/wp-content\/uploads\/2023\/07\/ozne-cocuk_sosyal-medya_09092022_artboard-1-copy-58-768x768.png 768w, https:\/\/oznecocuk.com\/wp-content\/uploads\/2023\/07\/ozne-cocuk_sosyal-medya_09092022_artboard-1-copy-58-12x12.png 12w\" sizes=\"auto, (max-width: 400px) 100vw, 400px\" \/><\/p>\n<p>After the speech, the children took their seats for the theatre show. They had a delightful time with Elsa and the Bear, enjoying an hour of entertainment.<\/p>\n<p>After the show, the children had a delightful day in the festival area, where various activities like painting workshops, hygiene workshops, face painting, balloon shows, and Karag\u00f6z-Hacivat performances took place.<\/p>\n<p><strong>Let&#8217;s take a look at some snapshots from our workshops together!<\/strong><\/p>\n<h3><strong><img loading=\"lazy\" decoding=\"async\" class=\"aligncenter wp-image-1624\" src=\"https:\/\/oznecocuk.com\/wp-content\/uploads\/2023\/07\/ozne-cocuk_sosyal-medya_09092022_artboard-1-copy-74.png\" alt=\"\" width=\"400\" height=\"400\" srcset=\"https:\/\/oznecocuk.com\/wp-content\/uploads\/2023\/07\/ozne-cocuk_sosyal-medya_09092022_artboard-1-copy-74.png 1081w, https:\/\/oznecocuk.com\/wp-content\/uploads\/2023\/07\/ozne-cocuk_sosyal-medya_09092022_artboard-1-copy-74-768x768.png 768w, https:\/\/oznecocuk.com\/wp-content\/uploads\/2023\/07\/ozne-cocuk_sosyal-medya_09092022_artboard-1-copy-74-12x12.png 12w\" sizes=\"auto, (max-width: 400px) 100vw, 400px\" \/><img loading=\"lazy\" decoding=\"async\" class=\"aligncenter wp-image-1623\" src=\"https:\/\/oznecocuk.com\/wp-content\/uploads\/2023\/07\/ozne-cocuk_sosyal-medya_09092022_artboard-1-copy-70.png\" alt=\"\" width=\"400\" height=\"400\" srcset=\"https:\/\/oznecocuk.com\/wp-content\/uploads\/2023\/07\/ozne-cocuk_sosyal-medya_09092022_artboard-1-copy-70.png 1081w, https:\/\/oznecocuk.com\/wp-content\/uploads\/2023\/07\/ozne-cocuk_sosyal-medya_09092022_artboard-1-copy-70-768x768.png 768w, https:\/\/oznecocuk.com\/wp-content\/uploads\/2023\/07\/ozne-cocuk_sosyal-medya_09092022_artboard-1-copy-70-12x12.png 12w\" sizes=\"auto, (max-width: 400px) 100vw, 400px\" \/><img loading=\"lazy\" decoding=\"async\" class=\"aligncenter wp-image-1621\" src=\"https:\/\/oznecocuk.com\/wp-content\/uploads\/2023\/07\/ozne-cocuk_sosyal-medya_09092022_artboard-1-copy-66.png\" alt=\"\" width=\"400\" height=\"400\" srcset=\"https:\/\/oznecocuk.com\/wp-content\/uploads\/2023\/07\/ozne-cocuk_sosyal-medya_09092022_artboard-1-copy-66.png 1081w, https:\/\/oznecocuk.com\/wp-content\/uploads\/2023\/07\/ozne-cocuk_sosyal-medya_09092022_artboard-1-copy-66-768x768.png 768w, https:\/\/oznecocuk.com\/wp-content\/uploads\/2023\/07\/ozne-cocuk_sosyal-medya_09092022_artboard-1-copy-66-12x12.png 12w\" sizes=\"auto, (max-width: 400px) 100vw, 400px\" \/><\/strong><\/h3>\n<h2><strong>We Discussed the Adverse Effects of Child Labour in our Stakeholder and Family Sessions. <\/strong><\/h2>\n<p><img loading=\"lazy\" decoding=\"async\" class=\"aligncenter wp-image-1619\" src=\"https:\/\/oznecocuk.com\/wp-content\/uploads\/2023\/07\/ozne-cocuk_sosyal-medya_09092022_artboard-1-copy-48.png\" alt=\"\" width=\"400\" height=\"400\" srcset=\"https:\/\/oznecocuk.com\/wp-content\/uploads\/2023\/07\/ozne-cocuk_sosyal-medya_09092022_artboard-1-copy-48.png 1081w, https:\/\/oznecocuk.com\/wp-content\/uploads\/2023\/07\/ozne-cocuk_sosyal-medya_09092022_artboard-1-copy-48-768x768.png 768w, https:\/\/oznecocuk.com\/wp-content\/uploads\/2023\/07\/ozne-cocuk_sosyal-medya_09092022_artboard-1-copy-48-12x12.png 12w\" sizes=\"auto, (max-width: 400px) 100vw, 400px\" \/><\/p>\n<p>As the children were having fun in the festival area, we also had the opportunity to meet with representatives of public institutions and families of seasonal agricultural workers. In the informative sessions we held, we talked about child labour, its negative effects on children&#8217;s health and the needs of children.<\/p>\n<h2><strong>Our Gifts Brought Joy to the Children<\/strong><\/h2>\n<p>We provided the children who participated in the event with cloth drawstring backpacks filled with t-shirts, hats, school notebooks, and colouring pencils. When selecting our promotional materials, we made sure to choose durable items that children can use in their everyday lives.<\/p>\n<p><strong>We look forward to our next meeting with the children!<\/strong><\/p>","protected":false},"excerpt":{"rendered":"<p>As \u00d6zne \u00c7ocuk Project, we persistently strive to raise awareness about the adverse effects of child labour in T\u00fcrkiye. Accordingly, we &#8230;<\/p>","protected":false},"author":1,"featured_media":1625,"comment_status":"closed","ping_status":"closed","sticky":false,"template":"","format":"standard","meta":{"footnotes":""},"categories":[45],"tags":[],"class_list":["post-1631","post","type-post","status-publish","format-standard","has-post-thumbnail","hentry","category-news"],"_links":{"self":[{"href":"https:\/\/oznecocuk.com\/en\/wp-json\/wp\/v2\/posts\/1631","targetHints":{"allow":["GET"]}}],"collection":[{"href":"https:\/\/oznecocuk.com\/en\/wp-json\/wp\/v2\/posts"}],"about":[{"href":"https:\/\/oznecocuk.com\/en\/wp-json\/wp\/v2\/types\/post"}],"author":[{"embeddable":true,"href":"https:\/\/oznecocuk.com\/en\/wp-json\/wp\/v2\/users\/1"}],"replies":[{"embeddable":true,"href":"https:\/\/oznecocuk.com\/en\/wp-json\/wp\/v2\/comments?post=1631"}],"version-history":[{"count":1,"href":"https:\/\/oznecocuk.com\/en\/wp-json\/wp\/v2\/posts\/1631\/revisions"}],"predecessor-version":[{"id":1632,"href":"https:\/\/oznecocuk.com\/en\/wp-json\/wp\/v2\/posts\/1631\/revisions\/1632"}],"wp:featuredmedia":[{"embeddable":true,"href":"https:\/\/oznecocuk.com\/en\/wp-json\/wp\/v2\/media\/1625"}],"wp:attachment":[{"href":"https:\/\/oznecocuk.com\/en\/wp-json\/wp\/v2\/media?parent=1631"}],"wp:term":[{"taxonomy":"category","embeddable":true,"href":"https:\/\/oznecocuk.com\/en\/wp-json\/wp\/v2\/categories?post=1631"},{"taxonomy":"post_tag","embeddable":true,"href":"https:\/\/oznecocuk.com\/en\/wp-json\/wp\/v2\/tags?post=1631"}],"curies":[{"name":"wp","href":"https:\/\/api.w.org\/{rel}","templated":true}]}}