{"id":1617,"date":"2023-07-18T17:44:46","date_gmt":"2023-07-18T14:44:46","guid":{"rendered":"https:\/\/oznecocuk.com\/?p=1617"},"modified":"2023-07-18T17:47:40","modified_gmt":"2023-07-18T14:47:40","slug":"23-haziran-polatli","status":"publish","type":"post","link":"https:\/\/oznecocuk.com\/en\/23-haziran-polatli\/","title":{"rendered":"23 Haziran\u2019da Mevsimlik Tar\u0131m \u0130\u015f\u00e7isi Ailelerin \u00c7ocuklar\u0131yla Bir Araya Geldik!"},"content":{"rendered":"<p>\u00d6zne \u00c7ocuk olarak T\u00fcrkiye\u2019de \u00e7ocuk i\u015f\u00e7ili\u011finin olumsuz etkileri hakk\u0131nda fark\u0131ndal\u0131k yaratmak i\u00e7in \u00e7al\u0131\u015fmalar ger\u00e7ekle\u015ftirmeye devam ediyoruz. Bu do\u011frultuda projemizin ikinci \u00e7ocuk bulu\u015fmas\u0131n\u0131 23 Haziran 2023 tarihinde Polatl\u0131\/Ankara\u2019da ger\u00e7ekle\u015ftirdik. Sar\u0131oba Mevsimlik Tar\u0131m \u0130\u015f\u00e7isi Yerle\u015fkesi\u2019nde ya\u015fayan tar\u0131m i\u015f\u00e7ilerinin \u00e7ocuklar\u0131, tar\u0131m i\u015f\u00e7ileri ve kamu kurum ve kurulu\u015flar\u0131n\u0131n temsilcilerinin kat\u0131l\u0131m\u0131yla ger\u00e7ekle\u015fen bulu\u015fmada tiyatro g\u00f6sterileri, \u00e7ocuklara \u00f6zel at\u00f6lye \u00e7al\u0131\u015fmalar\u0131, yeti\u015fkinlere \u00f6zel bilgilendirme at\u00f6lyeleri ve aktivitelerle \u00e7ocuklar\u0131n ve kat\u0131l\u0131mc\u0131lar\u0131n keyifli bir g\u00fcn ge\u00e7irmesini sa\u011flad\u0131k.<\/p>\n<h2><strong>Child Labour in T\u00fcrkiye<\/strong><\/h2>\n<p>T\u00fcrkiye\u2019de \u00e7ocuk i\u015f\u00e7ili\u011finin t\u00fcm sekt\u00f6rlerde \u00f6nlenmesi ve ortadan kald\u0131r\u0131lmas\u0131 uzun zamand\u0131r ulusal bir hedef olmu\u015ftur. T\u00dc\u0130K 2019 verilerine g\u00f6re 5-17 ya\u015f grubundaki ekonomik olarak faaliyet g\u00f6steren \u00e7ocuklar\u0131n % 45,5\u2019i hizmet sekt\u00f6r\u00fcnde, % 30,8\u2019i tar\u0131m sekt\u00f6r\u00fcnde ve % 23,7\u2019si de sanayi sekt\u00f6r\u00fcnde \u00e7al\u0131\u015fmaktad\u0131r. T\u00dc\u0130K\u2019in 2019 verilerine g\u00f6re, hizmet sekt\u00f6r\u00fc \u00e7ocuk i\u015f\u00e7ili\u011finin en yo\u011fun oldu\u011fu sekt\u00f6rd\u00fcr. Sanayi sekt\u00f6r\u00fcnde \u00e7al\u0131\u015fan \u00e7ocuklar, ekonomik olarak aktif olan \u00e7ocuklar\u0131n %24\u2019\u00fcn\u00fc olu\u015fturuyor.<\/p>\n<p>Bu \u00e7er\u00e7evede, fark\u0131ndal\u0131k faaliyetlerinin bir par\u00e7as\u0131 olarak projemiz kapsam\u0131nda \u00e7ocuk bulu\u015fmalar\u0131 d\u00fczenliyoruz. Bulu\u015fmalar\u0131m\u0131z\u0131n ilkini ge\u00e7ti\u011fimiz y\u0131l \u00c7anakkale\u2019de 1300\u2019\u00fc a\u015fk\u0131n \u00e7ocu\u011fun kat\u0131l\u0131m\u0131yla ger\u00e7ekle\u015ftirmi\u015ftik. \u0130lk etkinli\u011fimiz hakk\u0131nda detayl\u0131 bilgi i\u00e7in <a href=\"https:\/\/oznecocuk.com\/en\/12-july-canakkale-childrens-gathering\/\" target=\"_blank\" rel=\"noopener\">t\u0131klay\u0131n<\/a>.<\/p>\n<h2><strong>Tarlada De\u011fil Oyun Park\u0131nda!<\/strong><\/h2>\n<p>Bu y\u0131l \u201c\u00c7ocuklar tarlada de\u011fil oyun park\u0131nda olmal\u0131\u201d diyerek \u00e7\u0131kt\u0131\u011f\u0131m\u0131z bu yolda \u00e7ocuklar\u0131n keyifli bir g\u00fcn ge\u00e7irmesi i\u00e7in oda\u011f\u0131m\u0131za yine \u00e7ocuklar\u0131 ald\u0131k. B\u00f6lgede mevsimlik tar\u0131m i\u015f\u00e7isi \u00e7ocuklarla uzun y\u0131llard\u0131r \u00e7al\u0131\u015fmalar y\u00fcr\u00fcten Pikolo Derne\u011fi ile i\u015f birli\u011fi yaparak keyifli bir program haz\u0131rlad\u0131k.<\/p>\n<h2><strong>A\u00e7\u0131l\u0131\u015f Konu\u015fmas\u0131<\/strong><\/h2>\n<p><img loading=\"lazy\" decoding=\"async\" class=\"aligncenter wp-image-1618\" src=\"https:\/\/oznecocuk.com\/wp-content\/uploads\/2023\/07\/ozne-cocuk_sosyal-medya_09092022_artboard-1-copy-38.png\" alt=\"\" width=\"400\" height=\"400\" srcset=\"https:\/\/oznecocuk.com\/wp-content\/uploads\/2023\/07\/ozne-cocuk_sosyal-medya_09092022_artboard-1-copy-38.png 1081w, https:\/\/oznecocuk.com\/wp-content\/uploads\/2023\/07\/ozne-cocuk_sosyal-medya_09092022_artboard-1-copy-38-768x768.png 768w, https:\/\/oznecocuk.com\/wp-content\/uploads\/2023\/07\/ozne-cocuk_sosyal-medya_09092022_artboard-1-copy-38-12x12.png 12w\" sizes=\"auto, (max-width: 400px) 100vw, 400px\" \/>Etkinli\u011fimiz projenin faydalan\u0131c\u0131 kurumu olan T.C. \u00c7al\u0131\u015fma ve Sosyal G\u00fcvenlik Bakanl\u0131\u011f\u0131 ad\u0131na \u00c7al\u0131\u015fma Genel M\u00fcd\u00fcrl\u00fc\u011f\u00fc Daire Ba\u015fkan\u0131 Hayriye \u00d6zkald\u0131\u2019n\u0131n konu\u015fmas\u0131yla ba\u015flad\u0131. Say\u0131n \u00d6zkald\u0131 konu\u015fmas\u0131nda \u00e7ocuk i\u015f\u00e7ili\u011finin \u00f6nlenmesinin \u00f6nemine ve bu alanda yapt\u0131klar\u0131 \u00e7al\u0131\u015fmalara dikkat \u00e7ekti.<\/p>\n<h2><strong>\u00c7ocuklar Elsa ve Koca Ay\u0131 ile Bir Yolculu\u011fa \u00c7\u0131kt\u0131!<\/strong><\/h2>\n<p><img loading=\"lazy\" decoding=\"async\" class=\"aligncenter wp-image-1620\" src=\"https:\/\/oznecocuk.com\/wp-content\/uploads\/2023\/07\/ozne-cocuk_sosyal-medya_09092022_artboard-1-copy-58.png\" alt=\"\" width=\"400\" height=\"400\" srcset=\"https:\/\/oznecocuk.com\/wp-content\/uploads\/2023\/07\/ozne-cocuk_sosyal-medya_09092022_artboard-1-copy-58.png 1081w, https:\/\/oznecocuk.com\/wp-content\/uploads\/2023\/07\/ozne-cocuk_sosyal-medya_09092022_artboard-1-copy-58-768x768.png 768w, https:\/\/oznecocuk.com\/wp-content\/uploads\/2023\/07\/ozne-cocuk_sosyal-medya_09092022_artboard-1-copy-58-12x12.png 12w\" sizes=\"auto, (max-width: 400px) 100vw, 400px\" \/><\/p>\n<p>Konu\u015fman\u0131n ard\u0131ndan \u00e7ocuklar tiyatro g\u00f6sterisi i\u00e7in yerlerini ald\u0131. Elsa ve Koca Ay\u0131 ile keyifli bir saat ge\u00e7irdiler.<\/p>\n<p>G\u00f6sterinin ard\u0131ndan \u00e7ocuklar resim at\u00f6lyesi, hijyen at\u00f6lyesi, y\u00fcz boyama etkinli\u011fi, balon g\u00f6sterisi, Karag\u00f6z-Hacivat g\u00f6sterimi gibi etkinliklerin yer ald\u0131\u011f\u0131 festival alan\u0131nda g\u00fcn boyunca keyifli zaman ge\u00e7irdi.<\/p>\n<p><strong>Gelin birlikte at\u00f6lyelerimize ait karelere birlikte g\u00f6z atal\u0131m.<\/strong><\/p>\n<h3><strong><img loading=\"lazy\" decoding=\"async\" class=\"aligncenter wp-image-1624\" src=\"https:\/\/oznecocuk.com\/wp-content\/uploads\/2023\/07\/ozne-cocuk_sosyal-medya_09092022_artboard-1-copy-74.png\" alt=\"\" width=\"400\" height=\"400\" srcset=\"https:\/\/oznecocuk.com\/wp-content\/uploads\/2023\/07\/ozne-cocuk_sosyal-medya_09092022_artboard-1-copy-74.png 1081w, https:\/\/oznecocuk.com\/wp-content\/uploads\/2023\/07\/ozne-cocuk_sosyal-medya_09092022_artboard-1-copy-74-768x768.png 768w, https:\/\/oznecocuk.com\/wp-content\/uploads\/2023\/07\/ozne-cocuk_sosyal-medya_09092022_artboard-1-copy-74-12x12.png 12w\" sizes=\"auto, (max-width: 400px) 100vw, 400px\" \/><img loading=\"lazy\" decoding=\"async\" class=\"aligncenter wp-image-1623\" src=\"https:\/\/oznecocuk.com\/wp-content\/uploads\/2023\/07\/ozne-cocuk_sosyal-medya_09092022_artboard-1-copy-70.png\" alt=\"\" width=\"400\" height=\"400\" srcset=\"https:\/\/oznecocuk.com\/wp-content\/uploads\/2023\/07\/ozne-cocuk_sosyal-medya_09092022_artboard-1-copy-70.png 1081w, https:\/\/oznecocuk.com\/wp-content\/uploads\/2023\/07\/ozne-cocuk_sosyal-medya_09092022_artboard-1-copy-70-768x768.png 768w, https:\/\/oznecocuk.com\/wp-content\/uploads\/2023\/07\/ozne-cocuk_sosyal-medya_09092022_artboard-1-copy-70-12x12.png 12w\" sizes=\"auto, (max-width: 400px) 100vw, 400px\" \/><img loading=\"lazy\" decoding=\"async\" class=\"aligncenter wp-image-1621\" src=\"https:\/\/oznecocuk.com\/wp-content\/uploads\/2023\/07\/ozne-cocuk_sosyal-medya_09092022_artboard-1-copy-66.png\" alt=\"\" width=\"400\" height=\"400\" srcset=\"https:\/\/oznecocuk.com\/wp-content\/uploads\/2023\/07\/ozne-cocuk_sosyal-medya_09092022_artboard-1-copy-66.png 1081w, https:\/\/oznecocuk.com\/wp-content\/uploads\/2023\/07\/ozne-cocuk_sosyal-medya_09092022_artboard-1-copy-66-768x768.png 768w, https:\/\/oznecocuk.com\/wp-content\/uploads\/2023\/07\/ozne-cocuk_sosyal-medya_09092022_artboard-1-copy-66-12x12.png 12w\" sizes=\"auto, (max-width: 400px) 100vw, 400px\" \/><\/strong><\/h3>\n<h3><strong>Payda\u015f ve Aile Oturumlar\u0131m\u0131zda \u00c7ocuk \u0130\u015f\u00e7ili\u011finin Olumsuz Etkilerini Konu\u015ftuk.<\/strong><\/h3>\n<p><img loading=\"lazy\" decoding=\"async\" class=\"aligncenter wp-image-1619\" src=\"https:\/\/oznecocuk.com\/wp-content\/uploads\/2023\/07\/ozne-cocuk_sosyal-medya_09092022_artboard-1-copy-48.png\" alt=\"\" width=\"400\" height=\"400\" srcset=\"https:\/\/oznecocuk.com\/wp-content\/uploads\/2023\/07\/ozne-cocuk_sosyal-medya_09092022_artboard-1-copy-48.png 1081w, https:\/\/oznecocuk.com\/wp-content\/uploads\/2023\/07\/ozne-cocuk_sosyal-medya_09092022_artboard-1-copy-48-768x768.png 768w, https:\/\/oznecocuk.com\/wp-content\/uploads\/2023\/07\/ozne-cocuk_sosyal-medya_09092022_artboard-1-copy-48-12x12.png 12w\" sizes=\"auto, (max-width: 400px) 100vw, 400px\" \/><\/p>\n<p>\u00c7ocuklar etkinlik alan\u0131nda e\u011flenceli vakit ge\u00e7irirken e\u015f zamanl\u0131 olarak kamu kurumu temsilcileri ve mevsimlik tar\u0131m i\u015f\u00e7isi ailelerle bir araya geldik. Ger\u00e7ekle\u015ftirdi\u011fimiz bilgilendirici oturumlarda \u00e7ocuk i\u015f\u00e7ili\u011fi, \u00e7ocuk sa\u011fl\u0131\u011f\u0131 \u00fczerindeki olumsuz etkileri ve \u00e7ocuklar\u0131n ihtiya\u00e7lar\u0131 \u00fczerine konu\u015ftuk.<\/p>\n<h3><strong>Our Gifts Made Children Happy<\/strong><\/h3>\n<p>Etkinli\u011fe kat\u0131lan \u00e7ocuklara i\u00e7erisinde ti\u015f\u00f6rt, \u015fapka, okul defteri ve boya kalemleri bulunan bir adet bez b\u00fczg\u00fcl\u00fc s\u0131rt \u00e7antas\u0131 hediye ettik. Promosyon malzemelerimizi se\u00e7erken \u00e7ocuklar\u0131n g\u00fcnl\u00fck hayatlar\u0131nda da kullanabilece\u011fi dayan\u0131kl\u0131 malzemeler se\u00e7ilmesine \u00f6zen g\u00f6sterdik.<\/p>\n<p><strong>We look forward to our next event with the children!<\/strong><\/p>","protected":false},"excerpt":{"rendered":"<p>\u00d6zne \u00c7ocuk olarak T\u00fcrkiye\u2019de \u00e7ocuk i\u015f\u00e7ili\u011finin olumsuz etkileri hakk\u0131nda fark\u0131ndal\u0131k yaratmak i\u00e7in \u00e7al\u0131\u015fmalar ger\u00e7ekle\u015ftirmeye devam ediyoruz. Bu do\u011frultuda projemizin ikinci \u00e7ocuk &#8230;<\/p>","protected":false},"author":1,"featured_media":1625,"comment_status":"closed","ping_status":"closed","sticky":false,"template":"","format":"standard","meta":{"footnotes":""},"categories":[27],"tags":[],"class_list":["post-1617","post","type-post","status-publish","format-standard","has-post-thumbnail","hentry","category-haberler"],"_links":{"self":[{"href":"https:\/\/oznecocuk.com\/en\/wp-json\/wp\/v2\/posts\/1617","targetHints":{"allow":["GET"]}}],"collection":[{"href":"https:\/\/oznecocuk.com\/en\/wp-json\/wp\/v2\/posts"}],"about":[{"href":"https:\/\/oznecocuk.com\/en\/wp-json\/wp\/v2\/types\/post"}],"author":[{"embeddable":true,"href":"https:\/\/oznecocuk.com\/en\/wp-json\/wp\/v2\/users\/1"}],"replies":[{"embeddable":true,"href":"https:\/\/oznecocuk.com\/en\/wp-json\/wp\/v2\/comments?post=1617"}],"version-history":[{"count":4,"href":"https:\/\/oznecocuk.com\/en\/wp-json\/wp\/v2\/posts\/1617\/revisions"}],"predecessor-version":[{"id":1630,"href":"https:\/\/oznecocuk.com\/en\/wp-json\/wp\/v2\/posts\/1617\/revisions\/1630"}],"wp:featuredmedia":[{"embeddable":true,"href":"https:\/\/oznecocuk.com\/en\/wp-json\/wp\/v2\/media\/1625"}],"wp:attachment":[{"href":"https:\/\/oznecocuk.com\/en\/wp-json\/wp\/v2\/media?parent=1617"}],"wp:term":[{"taxonomy":"category","embeddable":true,"href":"https:\/\/oznecocuk.com\/en\/wp-json\/wp\/v2\/categories?post=1617"},{"taxonomy":"post_tag","embeddable":true,"href":"https:\/\/oznecocuk.com\/en\/wp-json\/wp\/v2\/tags?post=1617"}],"curies":[{"name":"wp","href":"https:\/\/api.w.org\/{rel}","templated":true}]}}