{"id":1226,"date":"2023-01-01T16:15:37","date_gmt":"2023-01-01T13:15:37","guid":{"rendered":"https:\/\/oznecocuk.com\/?p=1226"},"modified":"2023-04-25T15:56:01","modified_gmt":"2023-04-25T12:56:01","slug":"finlandiya-saha-ziyareti","status":"publish","type":"post","link":"https:\/\/oznecocuk.com\/en\/finlandiya-saha-ziyareti\/","title":{"rendered":"\u00d6zne \u00c7ocuk Projesi Olarak Finlandiya Saha Ziyaretimizi Tamamlad\u0131k!"},"content":{"rendered":"<section class=\"wpb-content-wrapper\">\n<div id=\"wpc_69f3175d8def4\" class=\"vc_row wpb_row vc_row-fluid\">\n\t\t<div class=\"row_inner_wrapper  clearfix\">\n\t\t\t<div class=\"row_inner row_center_content clearfix\"><div class=\"wpb_column vc_column_container vc_col-sm-12\"><div class=\"vc_column-inner\"><div class=\"wpb_wrapper\">\n\t<div class=\"wpb_text_column wpb_content_element\" >\n\t\t<div class=\"wpb_wrapper\">\n\t\t\t<p>\u00d6zne \u00c7ocuk olarak Finlandiya saha ziyaretimizi 12-17 Aral\u0131k 2022 tarihleri aras\u0131nda tamamlad\u0131k. T.C Aile ve Sosyal Hizmetler Bakanl\u0131\u011f\u0131nda g\u00f6revli personelin ve projede g\u00f6rev alan uzmanlar\u0131n kat\u0131l\u0131m\u0131yla ger\u00e7ekle\u015ftirilen ziyarette ulusal \u00e7ocuk stratejisi, Finlandiya&#8217;da \u00e7ocuk koruma sistemi ve koruyucu aile, su\u00e7a s\u00fcr\u00fcklenmi\u015f gen\u00e7lere y\u00f6nelik \u00e7al\u0131\u015fma modelleri, \u00e7ocuk refah\u0131 gibi farkl\u0131 konularda bilgiler edindik.<\/p>\n<h2><strong><u>Ziyaretimizin \u0130lk G\u00fcn\u00fcnde <\/u><\/strong><strong><u>Finlandiya Sa\u011fl\u0131k ve Refah Enstit\u00fcs\u00fcndeydik!<\/u><\/strong><\/h2>\n<p>Saha ziyaretinin ilk g\u00fcn\u00fcnde Finlandiya Sa\u011fl\u0131k ve Refah Enstit\u00fcs\u00fcndeydik. Enstit\u00fc Geli\u015ftirme M\u00fcd\u00fcr\u00fc Minna Sinkkonen\u2019in a\u00e7\u0131l\u0131\u015f konu\u015fmas\u0131yla ba\u015flayan toplant\u0131da a\u015fa\u011f\u0131da yer alan ba\u015fl\u0131klarda alan\u0131nda uzman isimlerin konu\u015fmalar\u0131n\u0131 ve bilgi payla\u015f\u0131mlar\u0131n\u0131 dinleme \u015fans\u0131 yakalad\u0131k:<\/p>\n<p>-Ulusal \u00e7ocuk stratejisi<\/p>\n<p>&#8211; \u00c7ocuk koruma alan\u0131nda sistemik yakla\u015f\u0131m<\/p>\n<p>-\u00c7ocuk refah\u0131 mevzuat\u0131 reformu<\/p>\n<p>-Finlandiya&#8217;da \u00e7ocuk koruma sistemi<\/p>\n<p>-Finlandiya&#8217;da koruyucu aile<\/p>\n<p>-Su\u00e7a s\u00fcr\u00fcklenen gen\u00e7lere y\u00f6nelik \u00e7al\u0131\u015fma modelleri<\/p>\n<p>Enst\u00fct\u00fc Geli\u015ftirme M\u00fcd\u00fcr\u00fc yapt\u0131\u011f\u0131 \u201c\u00c7ocuk Koruma Alan\u0131nda Sistemik Yakla\u015f\u0131m\u201d sunumunda Finlandiya\u2019n\u0131n bu alanda 2016-2022 aras\u0131nda ge\u00e7irdi\u011fi reform s\u00fcrecinden bahsetti. Bu yeni yakla\u015f\u0131m\u0131n \u00e7ocuk odakl\u0131 ve \u00e7ocuk refah\u0131 i\u00e7in t\u00fcm payda\u015flar\u0131 bir arada \u00e7al\u0131\u015fmaya y\u00f6nlendiren yap\u0131s\u0131n\u0131n \u00f6n\u00fcm\u00fczdeki aylarda \u00d6zne \u00c7ocuk olarak ger\u00e7ekle\u015ftirece\u011fimiz \u00e7al\u0131\u015fmalara referans olmas\u0131n\u0131 planl\u0131yoruz.<\/p>\n<h2><strong><u>Ziyaretimizin 2. G\u00fcn\u00fcnde Sivil Toplumla Bir Araya Geldik!<\/u><\/strong><\/h2>\n<p>Ziyaretimizin ikinci g\u00fcn\u00fcnde ise ilk olarak Finlandiya\u2019da gen\u00e7lik alan\u0131nda \u00e7al\u0131\u015fan bir sivil toplum \u00f6rg\u00fct\u00fc olan Walkers\/Children of the Station\u2019\u0131 ziyaret ettik. Dernek temsilcilerinden yapt\u0131klar\u0131 \u00e7al\u0131\u015fmalar\u0131 ve \u00e7ocuk koruma alan\u0131ndaki destekleyici \u00e7al\u0131\u015fmalar\u0131 dinleme \u015fans\u0131 edindik. Ard\u0131ndan Helsinki\u2019de yer alan Hyv\u00f6nen \u00c7ocuk Evi\u2019ni ziyaret ederek, kurum Direkt\u00f6r\u00fc Roope Tommila\u2019dan \u00e7ocuk evlerindeki i\u015fleyi\u015fi dinledik. Son olarak \u00e7ocuk koruma alan\u0131nda \u00e7al\u0131\u015fan Mannerheim League of Child Welfare (\u00c7ocuk Refah\u0131 i\u00e7in Mannerheim Birli\u011fi) yetkilileriyle bir araya geldik.<\/p>\n<h2><strong><u>Ziyaretimizin 3. G\u00fcn\u00fcnde \u00c7ocuk K\u00f6y\u00fc Uygulamas\u0131n\u0131 Dinledik!<\/u><\/strong><\/h2>\n<p>Ziyaretimizin 3. g\u00fcn\u00fcnde Finlandiya Sa\u011fl\u0131k ve Refah Enstit\u00fcs\u00fc uzmanlar\u0131yla yeniden bir araya geldik. \u0130\u00e7i\u015fleri Bakanl\u0131\u011f\u0131ndan K\u0131demli Uzman Emilia H\u00e4m\u00e4l\u00e4inen bizlere \u00e7ocuk su\u00e7lar\u0131nda erken m\u00fcdahale modeli olan Anchor (\u00c7apa) modelini tan\u0131tt\u0131. Ard\u0131ndan Enstit\u00fc Ba\u015f Uzman\u0131 Taina Laajasalo, Barnhaus modeli hakk\u0131nda bizleri bilgilendirdi. Barnhaus A\u011f\u0131\u2019na dahil olabilece\u011fimizi \u00f6\u011frenmek bizleri sevindirdi. \u00d6\u011fleden sonra ger\u00e7ekle\u015ftirdi\u011fimiz toplant\u0131larda Esspo SOS \u00c7ocuk K\u00f6y\u00fc K\u0131demli Uzman\u0131 Elina Stenvall\u2019dan \u00e7ocuk k\u00f6y\u00fcnde verilen hizmetleri ve k\u00f6y\u00fcn i\u015fleyi\u015fini dinledik. T\u00fcrkiye\u2019de bu hizmeti nas\u0131l geli\u015ftirebilece\u011fimize dair tart\u0131\u015fmalar y\u00fcr\u00fctt\u00fck.<\/p>\n<h2><strong><u>Ziyaretimizin 4. G\u00fcn\u00fcnde Grup Evlerindeydik!<\/u><\/strong><\/h2>\n<p>Ziyaretimizin 4. g\u00fcn\u00fcnde Esspo \u015fehrinde yer alan refakatsiz \u00e7ocuklar i\u00e7in kabul merkezi ve grup evlerini ziyaret ettik. Kurum Koordinat\u00f6r\u00fc Marko Uuttu ve Sosyal \u00c7al\u0131\u015fmac\u0131 Annika Pirinen taraf\u0131ndan ger\u00e7ekle\u015ftirilen sunumlarda kabul merkezi \u00e7al\u0131\u015fmalar\u0131n\u0131 ve iyi \u00f6rnekleri dinleme \u015fans\u0131 edindik.<\/p>\n<h2><strong><u>Peki \u015eimdi Ne Olacak?<\/u><\/strong><\/h2>\n<p>Ziyaretimizin son g\u00fcn\u00fcnde yapt\u0131\u011f\u0131m\u0131z toplant\u0131lar\u0131, dinledi\u011fimiz politika uygulamalar\u0131n\u0131 ve edindi\u011fimiz deneyimleri tart\u0131\u015fma \u015fans\u0131 edindik. Be\u015f g\u00fcn s\u00fcren ziyarette \u00e7ocuk refah\u0131 ve koruma sistemine ili\u015fkin Finlandiya mevzuat\u0131n\u0131 ve mesleki standartlar\u0131n\u0131 anlamak, hizmet \u00f6ncesi ve hizmet i\u00e7i e\u011fitimler hakk\u0131nda bilgi edinmek ve \u00fclkede \u00e7ocuk koruma alan\u0131nda ger\u00e7ekle\u015ftirilen iyi \u00f6rneklere dair uygulama s\u00fcre\u00e7lerini \u00f6\u011frenmek i\u00e7in pek \u00e7ok toplant\u0131 ve ziyaret ger\u00e7ekle\u015ftirdik. Ayr\u0131ca sa\u011fl\u0131k, e\u011fitim, sosyal refah, adalet vb. d\u00e2hil olmak \u00fczere farkl\u0131 payda\u015flar\u0131n ve sekt\u00f6rlerin rol\u00fc ve \u00f6zel gereksinimleri olan ve hassas ko\u015fullar alt\u0131ndaki \u00e7ocuklara y\u00f6nelik \u00f6zel programlar ve ihtiya\u00e7lar\u0131 hakk\u0131nda fikir al\u0131\u015fveri\u015finde bulunma \u015fans\u0131 da edindik.<\/p>\n<p>\u00d6n\u00fcm\u00fczdeki s\u00fcre\u00e7te, edindi\u011fimiz bilgileri ve g\u00f6zlemledi\u011fimiz iyi uygulamalar\u0131 nas\u0131l hayata ge\u00e7irebilece\u011fimize dair \u00e7al\u0131\u015fmalar ger\u00e7ekle\u015ftirmeye devam edece\u011fiz.<\/p>\n<p><strong>\u00a0<\/strong><\/p>\n\n\t\t<\/div>\n\t<\/div>\n<\/div><\/div><\/div>\n\t\t\t<\/div>\n\t\t<\/div>\n<\/div>\n<\/section>","protected":false},"excerpt":{"rendered":"\u00d6zne \u00c7ocuk olarak Finlandiya saha ziyaretimizi 12-17 Aral\u0131k 2022 tarihleri aras\u0131nda tamamlad\u0131k. T.C Aile ve Sosyal Hizmetler Bakanl\u0131\u011f\u0131nda g\u00f6revli personelin ve ...","protected":false},"author":1,"featured_media":1227,"comment_status":"closed","ping_status":"closed","sticky":false,"template":"","format":"standard","meta":{"footnotes":""},"categories":[27],"tags":[],"class_list":["post-1226","post","type-post","status-publish","format-standard","has-post-thumbnail","hentry","category-haberler"],"_links":{"self":[{"href":"https:\/\/oznecocuk.com\/en\/wp-json\/wp\/v2\/posts\/1226","targetHints":{"allow":["GET"]}}],"collection":[{"href":"https:\/\/oznecocuk.com\/en\/wp-json\/wp\/v2\/posts"}],"about":[{"href":"https:\/\/oznecocuk.com\/en\/wp-json\/wp\/v2\/types\/post"}],"author":[{"embeddable":true,"href":"https:\/\/oznecocuk.com\/en\/wp-json\/wp\/v2\/users\/1"}],"replies":[{"embeddable":true,"href":"https:\/\/oznecocuk.com\/en\/wp-json\/wp\/v2\/comments?post=1226"}],"version-history":[{"count":1,"href":"https:\/\/oznecocuk.com\/en\/wp-json\/wp\/v2\/posts\/1226\/revisions"}],"predecessor-version":[{"id":1228,"href":"https:\/\/oznecocuk.com\/en\/wp-json\/wp\/v2\/posts\/1226\/revisions\/1228"}],"wp:featuredmedia":[{"embeddable":true,"href":"https:\/\/oznecocuk.com\/en\/wp-json\/wp\/v2\/media\/1227"}],"wp:attachment":[{"href":"https:\/\/oznecocuk.com\/en\/wp-json\/wp\/v2\/media?parent=1226"}],"wp:term":[{"taxonomy":"category","embeddable":true,"href":"https:\/\/oznecocuk.com\/en\/wp-json\/wp\/v2\/categories?post=1226"},{"taxonomy":"post_tag","embeddable":true,"href":"https:\/\/oznecocuk.com\/en\/wp-json\/wp\/v2\/tags?post=1226"}],"curies":[{"name":"wp","href":"https:\/\/api.w.org\/{rel}","templated":true}]}}